{"id":2711,"date":"2024-08-06T18:29:05","date_gmt":"2024-08-06T16:29:05","guid":{"rendered":"https:\/\/adventurealbania.com\/?p=2711"},"modified":"2026-02-04T10:56:41","modified_gmt":"2026-02-04T09:56:41","slug":"den-tionde-valbona-vandringen","status":"publish","type":"post","link":"https:\/\/adventurealbania.com\/sv\/theth-valbona-hike\/","title":{"rendered":"Vandring fr\u00e5n Theth till Valbona, Albanien - Allt du beh\u00f6ver veta"},"content":{"rendered":"<p>Missa inte den otroliga vandringen fr\u00e5n Theth till Valbona l\u00e4ngs en gammal herdestig! Det \u00e4r en vacker och utmanande rutt som b\u00f6rjar i bergsbyn Theth och g\u00e5r \u00f6ver Pejapasset in i Valbona nationalpark.<\/p>\n\n\n\n<figure class=\"wp-block-image size-full\"><img decoding=\"async\" width=\"1024\" height=\"767\" src=\"https:\/\/adventurealbania.com\/wp-content\/uploads\/2024\/07\/Theth-Valbona-Hike-view-from-Valbona-Pass.webp\" alt=\"Theth-Valbona-Hike, utsikt fr\u00e5n Valbona Pass\" class=\"wp-image-2731\" srcset=\"https:\/\/adventurealbania.com\/wp-content\/uploads\/2024\/07\/Theth-Valbona-Hike-view-from-Valbona-Pass.webp 1024w, https:\/\/adventurealbania.com\/wp-content\/uploads\/2024\/07\/Theth-Valbona-Hike-view-from-Valbona-Pass-300x225.webp 300w, https:\/\/adventurealbania.com\/wp-content\/uploads\/2024\/07\/Theth-Valbona-Hike-view-from-Valbona-Pass-768x575.webp 768w\" sizes=\"(max-width: 1024px) 100vw, 1024px\" \/><\/figure>\n\n\n\n<details class=\"wp-block-details accordion accordion-flush accordion-item is-layout-flow wp-block-details-is-layout-flow\"><summary>Inneh\u00e5llsf\u00f6rteckning<\/summary>\n<div class=\"wp-block-rank-math-toc-block\" id=\"rank-math-toc\"><nav><ul><li class=\"\"><a href=\"#hiking-in-the-albanian-alps\">Vandring i de albanska alperna<\/a><ul><li class=\"\"><a href=\"#which-direction-theth-to-valbona-or-valbona-to-theth\">Vilken riktning: Theth till Valbona eller Valbona till Theth?<\/a><\/li><li class=\"\"><a href=\"#theth-a-first-taste-of-the-albanian-alps\">Theth: En f\u00f6rsta smak av de albanska alperna<\/a><\/li><li class=\"\"><a href=\"#gertting-from-shkoder-to-theth\">Att ta sig fr\u00e5n Shkoder till Theth<\/a><\/li><li class=\"\"><a href=\"#where-to-stay-in-theth\">Var man ska bo i Theth<\/a><\/li><li class=\"\"><a href=\"#day-hikes-from-theth\">Dagsvandringar fr\u00e5n Theth<\/a><ul><li class=\"\"><a href=\"#blue-eye-theth-hike\">Blue Eye Theth Vandring<\/a><\/li><li class=\"\"><a href=\"#grunas-waterfall\">Grunas vattenfall<\/a><\/li><\/ul><\/li><\/ul><\/li><li class=\"\"><a href=\"#hiking-theth-to-valbona\">Vandring Theth till Valbona<\/a><ul><li class=\"\"><a href=\"#a-night-in-the-valbona-valley\">En natt i Valbona-dalen<\/a><\/li><li class=\"\"><a href=\"#where-to-stay-in-valbona\">Var man ska bo i Valbona<\/a><\/li><li class=\"\"><a href=\"#taking-the-komani-lake-ferry-to-shkoder\">Ta f\u00e4rjan fr\u00e5n Komanisj\u00f6n till Shkoder<\/a><\/li><li class=\"\"><a href=\"#accommodation-in-shkoder\">Boende i Shkoder<\/a><\/li><\/ul><\/li><li class=\"\"><a href=\"#things-to-know-for-the-hike-from-theth-to-valbona\">Saker att veta inf\u00f6r vandringen fr\u00e5n Theth till Valbona<\/a><ul><li class=\"\"><a href=\"#what-you-should-pack-for-the-albanian-alps\">Vad du b\u00f6r packa f\u00f6r de albanska alperna<\/a><\/li><li class=\"\"><a href=\"#top-tips-for-the-hike-from-theth-to-valbona\">B\u00e4sta tipsen f\u00f6r vandringen fr\u00e5n Theth till Valbona<\/a><\/li><li class=\"\"><a href=\"#what-you-should-plan-for-the-hike\">Vad du b\u00f6r planera inf\u00f6r vandringen<\/a><\/li><\/ul><\/li><li class=\"\"><a href=\"#travel-faq\">Vanliga fr\u00e5gor om resor<\/a><ul><li class=\"\"><a href=\"#when-is-the-best-time-to-hike-theth-valbona\">N\u00e4r \u00e4r den b\u00e4sta tiden att vandra Theth - Valbona?<\/a><\/li><li class=\"\"><a href=\"#how-to-get-from-tirana-to-shkoder\">Hur tar man sig fr\u00e5n Tirana till Shkoder?<\/a><\/li><\/ul><\/li><\/ul><\/nav><\/div>\n\n\n\n<p><\/p>\n<\/details>\n\n\n\n<h2 class=\"wp-block-heading\" id=\"hiking-in-the-albanian-alps\">Vandring i de albanska alperna<\/h2>\n\n\n\n<p>Den <strong>Albanska Alperna<\/strong>eller \"Accursed Mountains\" som de olycksb\u00e5dande kallas, \u00e4r <strong>ett av landets vackraste resm\u00e5l f\u00f6r vandrare<\/strong>och medan de p\u00e5 vintern slumrar under ett tjockt sn\u00f6t\u00e4cke och i stort sett \u00e4r \u00f6vergivna, ger sommarv\u00e4rmen nytt liv och en v\u00e5g av nyfikna \u00e4ventyrare som \u00e4r redo att utforska.<\/p>\n\n\n\n<p>G\u00f6mda mellan de albanska alpernas veck ligger tv\u00e5 av regionens mest f\u00f6rtrollande bergsbyar, <strong>Theth och Valbona<\/strong>mellan vilka landets mest k\u00e4nda vandringsled fungerar som en pulserande art\u00e4r.<\/p>\n\n\n\n<p>Den popul\u00e4ra vandringsleden erbjuder <strong>spektakul\u00e4ra vyer<\/strong> och \u00e4r det enda sk\u00e4let till att m\u00e5nga v\u00e5gar sig upp i dessa avl\u00e4gsna berg. Men f\u00f6r dem som har lite mer tid finns det mycket mer att uppt\u00e4cka \u00e4n bara den h\u00e4r endagsvandringen (2-3 dagar med resor till och fr\u00e5n).<\/p>\n\n\n\n<p>Dalen \u00e4r en riktig skattkista med bubblande floder och pooler, gr\u00f6na skogar och otroligt vackra vandringsleder som fortfarande bara bes\u00f6ks av ett f\u00e5tal och \u00e4nnu inte har uppt\u00e4ckts av de massor som man ofta hittar p\u00e5 andra h\u00e5ll i Europa. Det \u00e4r r\u00e4ttvist att s\u00e4ga att \u00e4ven detta b\u00f6rjar f\u00f6r\u00e4ndras.<\/p>\n\n\n\n<p>I min guide hittar du allt du beh\u00f6ver f\u00f6r att planera din resa till de albanska alperna och vandringen fr\u00e5n Theth till Valbona.<\/p>\n\n\n\n<p>H\u00e4r \u00e4r vad du beh\u00f6ver veta om vandringen:<\/p>\n\n\n\n<ul class=\"wp-block-list\">\n<li><strong>Varaktighet:<\/strong> 7 h<\/li>\n\n\n\n<li><strong>Avst\u00e5nd f\u00f6r vandring<\/strong>: 18 kilometer<\/li>\n\n\n\n<li><strong>Maximal h\u00f6jd\u00f6kning:<\/strong> 1.100 m<\/li>\n\n\n\n<li><strong>Sv\u00e5righetsgrad:<\/strong> m\u00e5ttlig men l\u00e5ng <\/li>\n\n\n\n<li><strong>Trailhead:<\/strong> Theth by vid turistinformationen<\/li>\n\n\n\n<li><strong>Navigation:&nbsp;<\/strong>Vandringsleden fr\u00e5n startpunkten i byns centrum \u00e4r v\u00e4l markerad och l\u00e4tt att f\u00f6lja eftersom du ocks\u00e5 kommer att se andra vandrare p\u00e5 stigen.<\/li>\n\n\n\n<li><strong>Vandringss\u00e4song:<\/strong>&nbsp;Juni - oktober. Det kan bli varmt p\u00e5 sommaren fr\u00e5n juli till augusti.<\/li>\n<\/ul>\n\n\n\n<figure class=\"wp-block-image size-full\"><img decoding=\"async\" width=\"645\" height=\"575\" src=\"https:\/\/adventurealbania.com\/wp-content\/uploads\/2024\/07\/hiking-trail-theth-valbona-map-1.png\" alt=\"vandringsled theth valbona karta\" class=\"wp-image-2761\" srcset=\"https:\/\/adventurealbania.com\/wp-content\/uploads\/2024\/07\/hiking-trail-theth-valbona-map-1.png 645w, https:\/\/adventurealbania.com\/wp-content\/uploads\/2024\/07\/hiking-trail-theth-valbona-map-1-300x267.png 300w\" sizes=\"(max-width: 645px) 100vw, 645px\" \/><\/figure>\n\n\n\n<h3 class=\"wp-block-heading\" id=\"which-direction-theth-to-valbona-or-valbona-to-theth\">Vilken riktning: Theth till Valbona eller Valbona till Theth?<\/h3>\n\n\n\n<p>N\u00e4r du anl\u00e4nder till <a href=\"https:\/\/adventurealbania.com\/sv\/shkoder-saker-att-gora\/\" data-type=\"post\" data-id=\"103\">Shkoder<\/a> och planerar att vandra i bergen, uppst\u00e5r fr\u00e5gan om exakt var du ska b\u00f6rja vandringen. Jag kan s\u00e4ga att vandringen \u00e4r spektakul\u00e4r i b\u00e5da fallen, det beror bara p\u00e5 hur man vill uppleva den.<\/p>\n\n\n\n<p>Jag valde att b\u00f6rja fr\u00e5n <strong>Theth<\/strong> av den enkla anledningen att b\u00e5tturen l\u00e4ngs <strong>Komani-sj\u00f6n<\/strong> \u00e4r allm\u00e4nt ansedd som <strong>en av de b\u00e4sta upplevelserna i Albanien<\/strong> och jag k\u00e4nde att det skulle vara den perfekta <strong>bel\u00f6ning efter<\/strong> n\u00e5gra dagars vandring. Jag t\u00e4nkte ocks\u00e5 att det fanns m\u00e5nga fler m\u00f6jligheter till dagsvandringar i Theth, vilket skulle vara en bra uppv\u00e4rmning f\u00f6r huvudleden efter att ha \u00e4gnat exakt noll tid \u00e5t motion och alldeles f\u00f6r mycket tid \u00e5t att \u00e4ta under de f\u00f6reg\u00e5ende veckorna.<\/p>\n\n\n\n<figure class=\"wp-block-image size-large\"><img decoding=\"async\" width=\"1024\" height=\"768\" src=\"https:\/\/adventurealbania.com\/wp-content\/uploads\/2024\/07\/Theth-river-1024x768.jpg\" alt=\"Vild flod n\u00e4ra byn Theth\" class=\"wp-image-2740\" srcset=\"https:\/\/adventurealbania.com\/wp-content\/uploads\/2024\/07\/Theth-river-1024x768.jpg 1024w, https:\/\/adventurealbania.com\/wp-content\/uploads\/2024\/07\/Theth-river-300x225.jpg 300w, https:\/\/adventurealbania.com\/wp-content\/uploads\/2024\/07\/Theth-river-768x576.jpg 768w, https:\/\/adventurealbania.com\/wp-content\/uploads\/2024\/07\/Theth-river-1536x1152.jpg 1536w, https:\/\/adventurealbania.com\/wp-content\/uploads\/2024\/07\/Theth-river-scaled.jpg 2048w\" sizes=\"(max-width: 1024px) 100vw, 1024px\" \/><figcaption class=\"wp-element-caption\">Vild flod n\u00e4ra byn Theth<\/figcaption><\/figure>\n\n\n\n<p>I slut\u00e4ndan var jag mycket n\u00f6jd med hur jag genomf\u00f6rde resan. Jag hade n\u00e5gra dagar p\u00e5 mig att koppla av och utforska omr\u00e5det runt Theth, och f\u00e4rjan till Komanisj\u00f6n var ett underbart s\u00e4tt att avsluta kapitlet Albanska Alperna p\u00e5 min resa.<\/p>\n\n\n\n<p>Den fr\u00e4msta anledningen till att g\u00f6ra vandringen i motsatt riktning \u00e4r att hela str\u00e4ckan mellan passet och Valbona \u00e4r exponerad f\u00f6r den gassande solen. Om du b\u00f6rjar i Valbona n\u00e5r du i allm\u00e4nhet bergskammen under den svalaste delen av dagen innan du g\u00e5r in i den skuggiga skogen ner till Theth, medan du i Theth n\u00e5r passet runt middagstid och m\u00e5ste ta dig an den l\u00e5nga nedstigningen till Valbona i den br\u00e4nnande eftermiddagssolen.<\/p>\n\n\n\n<h3 class=\"wp-block-heading\" id=\"theth-a-first-taste-of-the-albanian-alps\">Theth: En f\u00f6rsta smak av de albanska alperna<\/h3>\n\n\n\n<p>Fr\u00e5n att ha varit en s\u00f6mnig alpby med ett namn som skulle passa perfekt i Sagan om ringen har Theth under de senaste \u00e5ren utvecklats till en t\u00e4t samling pensionat som tillgodoser den v\u00e4xande str\u00f6mmen av turister till de albanska alperna.<\/p>\n\n\n\n<figure class=\"wp-block-image size-large\"><img decoding=\"async\" width=\"1024\" height=\"683\" src=\"https:\/\/adventurealbania.com\/wp-content\/uploads\/2024\/07\/Theth-Albania_Christian-Church-in-the-village-of-Theth-in-Prokletije-or-Acursed-Mountains-in-Theth-National-Park-Albania_freepik52373-1024x683.jpg\" alt=\"Theth Albanien_Kristna kyrkan i byn Theth i Prokletije eller F\u00f6rbannade bergen i Theth nationalpark Albanien\" class=\"wp-image-2537\" srcset=\"https:\/\/adventurealbania.com\/wp-content\/uploads\/2024\/07\/Theth-Albania_Christian-Church-in-the-village-of-Theth-in-Prokletije-or-Acursed-Mountains-in-Theth-National-Park-Albania_freepik52373-1024x683.jpg 1024w, https:\/\/adventurealbania.com\/wp-content\/uploads\/2024\/07\/Theth-Albania_Christian-Church-in-the-village-of-Theth-in-Prokletije-or-Acursed-Mountains-in-Theth-National-Park-Albania_freepik52373-300x200.jpg 300w, https:\/\/adventurealbania.com\/wp-content\/uploads\/2024\/07\/Theth-Albania_Christian-Church-in-the-village-of-Theth-in-Prokletije-or-Acursed-Mountains-in-Theth-National-Park-Albania_freepik52373-768x512.jpg 768w, https:\/\/adventurealbania.com\/wp-content\/uploads\/2024\/07\/Theth-Albania_Christian-Church-in-the-village-of-Theth-in-Prokletije-or-Acursed-Mountains-in-Theth-National-Park-Albania_freepik52373.jpg 1500w\" sizes=\"(max-width: 1024px) 100vw, 1024px\" \/><\/figure>\n\n\n\n<p>Byn ligger i en lummigt skogskl\u00e4dd dal och \u00e4r en perfekt bas f\u00f6r dagsvandringar i omr\u00e5det samt en utm\u00e4rkt utg\u00e5ngspunkt f\u00f6r <strong>vandring till Valbona<\/strong>och medan m\u00e5nga rusar igenom i sin ot\u00e5lighet att n\u00e5 Valbona, blev vackra lilla Theth en av h\u00f6jdpunkterna under min tid i Albanien.<\/p>\n\n\n\n<h3 class=\"wp-block-heading\" id=\"gertting-from-shkoder-to-theth\">Att ta sig fr\u00e5n Shkoder till Theth<\/h3>\n\n\n\n<p>Trots sitt avl\u00e4gsna l\u00e4ge \u00e4r det faktiskt l\u00e4tt att ta sig till Theth. De flesta vandrarhem och pensionat i Shkoder kan ordna antingen en organiserad skytteltrafik eller en allm\u00e4n minibuss fr\u00e5n d\u00f6rr till d\u00f6rr. Resan kostar 10-12 \u20ac och b\u00f6rjar vanligtvis tidigt p\u00e5 morgonen. Du kommer fram 2 till 3 timmar senare.<\/p>\n\n\n\n<figure class=\"wp-block-image size-large\"><img decoding=\"async\" width=\"1024\" height=\"768\" src=\"https:\/\/adventurealbania.com\/wp-content\/uploads\/2024\/07\/Road-to-Theth-with-sheep-on-the-road-1024x768.jpg\" alt=\"V\u00e4gen-till-Theth-med-getter-p\u00e5-v\u00e4gen\" class=\"wp-image-2734\" srcset=\"https:\/\/adventurealbania.com\/wp-content\/uploads\/2024\/07\/Road-to-Theth-with-sheep-on-the-road-1024x768.jpg 1024w, https:\/\/adventurealbania.com\/wp-content\/uploads\/2024\/07\/Road-to-Theth-with-sheep-on-the-road-300x225.jpg 300w, https:\/\/adventurealbania.com\/wp-content\/uploads\/2024\/07\/Road-to-Theth-with-sheep-on-the-road-768x576.jpg 768w, https:\/\/adventurealbania.com\/wp-content\/uploads\/2024\/07\/Road-to-Theth-with-sheep-on-the-road-1536x1152.jpg 1536w, https:\/\/adventurealbania.com\/wp-content\/uploads\/2024\/07\/Road-to-Theth-with-sheep-on-the-road-scaled.jpg 2048w\" sizes=\"(max-width: 1024px) 100vw, 1024px\" \/><figcaption class=\"wp-element-caption\">Flock av getter p\u00e5 bergsv\u00e4gen Shkoder till Theth <\/figcaption><\/figure>\n\n\n\n<p>Se till att du f\u00e5r en f\u00f6nsterplats, f\u00f6r resan genom bergen \u00e4r helt enkelt vacker. Den tar dig f\u00f6rbi lavendelf\u00e4lt i utkanten av Shkoder, slingrar sig brant uppf\u00f6r bergspasset och leder l\u00e4ngs den grova skogsv\u00e4gen till Theth. Jag fr\u00e5gade ofta f\u00f6raren om det fanns plats bredvid honom i f\u00f6rsta raden. Jag hade ofta tur och hade d\u00e4rf\u00f6r den b\u00e4sta utsikten.<\/p>\n\n\n\n<p>Du b\u00f6r anl\u00e4nda p\u00e5 morgonen och ha tillr\u00e4ckligt med tid f\u00f6r att g\u00e5 p\u00e5 en av de m\u00e5nga underbara dagsvandringarna i Theth.<\/p>\n\n\n\n<h3 class=\"wp-block-heading\" id=\"where-to-stay-in-theth\">Var man ska bo i Theth<\/h3>\n\n\n\n<p>N\u00e4r det g\u00e4ller boende i Theth kan du f\u00f6rv\u00e4nta dig bekv\u00e4ma privata rum, uts\u00f6kt lokal mat och o\u00f6vertr\u00e4ffad utsikt \u00f6ver bergen i ett v\u00e4xande antal lokalt drivna pensionat.<\/p>\n\n\n\n<p><strong>Under sommarens h\u00f6gs\u00e4song<\/strong> <strong>(juli och augusti)<\/strong>\u00e4r det en bra id\u00e9 att boka i f\u00f6rv\u00e4g eftersom de b\u00e4sta platserna definitivt kommer att vara fullbokade. Om du bokar online ska du dock inte l\u00e5ta dig luras av g\u00e4sthus som verkar otroligt billiga - m\u00e5nga ligger flera kilometer fr\u00e5n Theth, vilket l\u00e4gger till en avsev\u00e4rd tid p\u00e5 din vandring. Min rekommendation f\u00f6r boende i Theth: <\/p>\n\n\n\n<figure class=\"wp-block-image size-full\"><img decoding=\"async\" width=\"827\" height=\"357\" src=\"https:\/\/adventurealbania.com\/wp-content\/uploads\/2024\/07\/Molla-Guest-House.png\" alt=\"Molla G\u00e4sthus\" class=\"wp-image-2737\" srcset=\"https:\/\/adventurealbania.com\/wp-content\/uploads\/2024\/07\/Molla-Guest-House.png 827w, https:\/\/adventurealbania.com\/wp-content\/uploads\/2024\/07\/Molla-Guest-House-300x130.png 300w, https:\/\/adventurealbania.com\/wp-content\/uploads\/2024\/07\/Molla-Guest-House-768x332.png 768w\" sizes=\"(max-width: 827px) 100vw, 827px\" \/><\/figure>\n\n\n\n<p><a href=\"https:\/\/www.booking.com\/hotel\/al\/molla-guest-house.en.html?aid=8057218&amp;no_rooms=1&amp;group_adults=2&amp;room1=A%2CA\" target=\"_blank\" rel=\"noreferrer noopener\">Molla Guest House:<\/a> Bekv\u00e4mt bel\u00e4get inte l\u00e5ngt fr\u00e5n sp\u00e5rhuvudet, jag tyckte verkligen om att bo d\u00e4r. Pensionatet erbjuder fantastisk utsikt \u00f6ver byn Theth som ligger i all den lugn och ro du vill ha. \u00c4garna var mycket varma och v\u00e4lkomnande, rummen var rena och maten var uts\u00f6kt. <\/p>\n\n\n\n<div class=\"wp-block-buttons is-content-justification-center is-layout-flex wp-container-core-buttons-is-layout-16018d1d wp-block-buttons-is-layout-flex\">\n<div class=\"wp-block-button has-custom-width wp-block-button__width-75 is-style-outline is-style-outline--1\"><a class=\"wp-block-button__link has-white-color has-text-color has-background has-link-color has-medium-font-size has-custom-font-size wp-element-button\" href=\"https:\/\/www.booking.com\/hotel\/al\/molla-guest-house.en.html?aid=8057218&amp;no_rooms=1&amp;group_adults=2&amp;room1=A%2CA\" style=\"border-radius:50px;background-color:#20357a;text-transform:uppercase\" target=\"_blank\" rel=\"noreferrer noopener\">visa p\u00e5 BOOKING.COM<\/a><\/div>\n<\/div>\n\n\n\n<h3 class=\"wp-block-heading\" id=\"day-hikes-from-theth\">Dagsvandringar fr\u00e5n Theth <\/h3>\n\n\n\n<p>Som man kan f\u00f6rv\u00e4nta sig i en s\u00e5dan spektakul\u00e4r bergsregion finns det m\u00e5nga dagsvandringar som kan g\u00f6ras fr\u00e5n Theth.<\/p>\n\n\n\n<p>M\u00e5nga anl\u00e4nder och \u00e5ker raka v\u00e4gen till Valbona, men enligt min mening missar de n\u00e5got. M\u00e5nga av de andra lederna som inte \u00e4r lika v\u00e4lk\u00e4nda \u00e4r lika vackra och mycket mindre v\u00e4ltrampade.<\/p>\n\n\n\n<h4 class=\"wp-block-heading\" id=\"blue-eye-theth-hike\">Blue Eye Theth Vandring<\/h4>\n\n\n\n<p>Den bubblande turkosa poolen i Blae Eye, som ligger inkl\u00e4md mellan gr\u00f6na, skogskl\u00e4dda toppar, \u00e4r ett annat popul\u00e4rt val.<\/p>\n\n\n\n<figure class=\"wp-block-image size-large\"><img decoding=\"async\" width=\"1024\" height=\"768\" src=\"https:\/\/adventurealbania.com\/wp-content\/uploads\/2024\/07\/Blue-Eye-Theth-mountain-stream-pool-with-ice-cold-water-1024x768.jpg\" alt=\"Blue-Eye-Theth-berg-str\u00f6m-pool-med-is-kallt-vatten\" class=\"wp-image-2738\" srcset=\"https:\/\/adventurealbania.com\/wp-content\/uploads\/2024\/07\/Blue-Eye-Theth-mountain-stream-pool-with-ice-cold-water-1024x768.jpg 1024w, https:\/\/adventurealbania.com\/wp-content\/uploads\/2024\/07\/Blue-Eye-Theth-mountain-stream-pool-with-ice-cold-water-300x225.jpg 300w, https:\/\/adventurealbania.com\/wp-content\/uploads\/2024\/07\/Blue-Eye-Theth-mountain-stream-pool-with-ice-cold-water-768x576.jpg 768w, https:\/\/adventurealbania.com\/wp-content\/uploads\/2024\/07\/Blue-Eye-Theth-mountain-stream-pool-with-ice-cold-water-1536x1152.jpg 1536w, https:\/\/adventurealbania.com\/wp-content\/uploads\/2024\/07\/Blue-Eye-Theth-mountain-stream-pool-with-ice-cold-water-scaled.jpg 2048w\" sizes=\"(max-width: 1024px) 100vw, 1024px\" \/><figcaption class=\"wp-element-caption\">Vandring till Theths bl\u00e5 \u00f6ga<\/figcaption><\/figure>\n\n\n\n<p>Som ordspr\u00e5ket s\u00e4ger \u00e4r m\u00e5let h\u00e4r en trevlig plats att vila p\u00e5, men den h\u00e4r vandringen handlar verkligen om resan. L\u00e4ngs v\u00e4gen reser sig h\u00f6ga toppar ur djupt utskurna dalar och kristallklart vatten porlar vid daggv\u00e5ta sommarf\u00e4lt, med nya och sp\u00e4nnande vyer vid varje v\u00e4gsk\u00e4l som g\u00f6r det sv\u00e5rt att l\u00e4gga ner kameran. Du b\u00f6r definitivt l\u00e4gga till den h\u00e4r turen i din resplan.<\/p>\n\n\n\n<p>Vandringen \u00e4r 18 km l\u00e5ng och tar cirka <strong>6 timmar<\/strong> med en paus vid Blue Eye. Turen \u00e4r mestadels platt och v\u00e4lmarkerad, och det finns tv\u00e5 m\u00f6jliga rutter. De flesta bes\u00f6kare f\u00f6ljer grusv\u00e4gen som g\u00e5r till v\u00e4nster \u00f6ver bron i Theth och f\u00f6ljer dalen en bra bit. D\u00e4r dalen delar sig, h\u00e5ll till h\u00f6ger och stigen korsar floden innan den s\u00e5 sm\u00e5ningom leder till en smalare, stenig stig som kl\u00e4ttrar genom skogen.<\/p>\n\n\n\n<p>Var noga med att ta en <strong>uppfriskande dopp i den iskalla poolen<\/strong> medan du fortfarande \u00e4r varm efter vandringen - vattnet kommer att frysa din hj\u00e4rna, f\u00e5 h\u00e5r att v\u00e4xa p\u00e5 br\u00f6stet och bita dig i anklarna - allt p\u00e5 samma g\u00e5ng.<\/p>\n\n\n\n<p>V\u00e4gen tillbaka g\u00e5r via en mindre stig p\u00e5 motsatt sida av floden. Se bara upp f\u00f6r bron n\u00e4r du kommer ut ur Nderlyse. Det finns flera floder att korsa p\u00e5 den h\u00e4r rutten, men p\u00e5 sensommaren var dessa b\u00e4ckar helt torra. Om du reser p\u00e5 v\u00e5ren eller f\u00f6rsommaren kan det se annorlunda ut.<\/p>\n\n\n\n<h4 class=\"wp-block-heading\" id=\"grunas-waterfall\"><strong>Grunas vattenfall<\/strong><\/h4>\n\n\n\n<p>Grunas vattenfall \u00e4r en liten oas bara 45 minuters promenad fr\u00e5n Theth och kan anv\u00e4ndas som en kort solovandring eller som en del av Blue Eye-slingan.<\/p>\n\n\n\n<p>F\u00f6lj helt enkelt byv\u00e4gen nedstr\u00f6ms till v\u00e4nster i ca 30 minuter innan du sv\u00e4nger v\u00e4nster. Vattenfallen syns tydligt (och h\u00f6rs s\u00e5 sm\u00e5ningom) fr\u00e5n stigen, s\u00e5 du kan g\u00e5 i r\u00e4tt riktning.<\/p>\n\n\n\n<figure class=\"wp-block-image size-large\"><img decoding=\"async\" width=\"1024\" height=\"768\" src=\"https:\/\/adventurealbania.com\/wp-content\/uploads\/2024\/07\/Abenteuer_Albanien-1-562-1024x768.jpg\" alt=\"Grunas vattenfall i de albanska alperna: Vandring fr\u00e5n Theth till Valbona\" class=\"wp-image-2739\" srcset=\"https:\/\/adventurealbania.com\/wp-content\/uploads\/2024\/07\/Abenteuer_Albanien-1-562-1024x768.jpg 1024w, https:\/\/adventurealbania.com\/wp-content\/uploads\/2024\/07\/Abenteuer_Albanien-1-562-300x225.jpg 300w, https:\/\/adventurealbania.com\/wp-content\/uploads\/2024\/07\/Abenteuer_Albanien-1-562-768x576.jpg 768w, https:\/\/adventurealbania.com\/wp-content\/uploads\/2024\/07\/Abenteuer_Albanien-1-562-1536x1152.jpg 1536w, https:\/\/adventurealbania.com\/wp-content\/uploads\/2024\/07\/Abenteuer_Albanien-1-562-scaled.jpg 2048w\" sizes=\"(max-width: 1024px) 100vw, 1024px\" \/><figcaption class=\"wp-element-caption\">Grunas vattenfall i de albanska alperna: Vandring fr\u00e5n Theth till Valbona<\/figcaption><\/figure>\n\n\n\n<p><strong>Andra dagsvandringar<\/strong> | N\u00e4r du kommer till Theth kan du inte missa de h\u00f6ga topparna och passen som reser sig \u00f6ver silhuetten, och m\u00e5nga av dem kan n\u00e5s till fots, till exempel den vackra <strong>Peja Pass<\/strong>vilket tar 2 till 3 timmar i varje riktning.<\/p>\n\n\n\n<p>Den mycket v\u00e4nliga personalen p\u00e5 bes\u00f6kscentret i hj\u00e4rtat av staden erbjuder en m\u00e4ngd information om regionen och de olika vandringslederna.<\/p>\n\n\n\n<p><a href=\"https:\/\/www.abenteueralbanien.de\/peaks-of-the-balkans-5-10-days\/\" target=\"_blank\" rel=\"noopener\"><strong>Balkans toppar<\/strong><\/a> | F\u00f6r den inbitne vandraren \u00e4r det v\u00e4rt att \u00f6verv\u00e4ga den 10 dagar l\u00e5nga vandringen Peaks of The Balkans, som g\u00e5r mellan Theth och Valbona innan man n\u00e5r de svindlande topparna i Kosovo och Montenegro.<\/p>\n\n\n<div class=\"section-wrap mt-3 mb-3 bg-light p-3\">\n    <div class=\"row\">\n                    <div class=\"col-lg-12\">\n                <div class=\"section-title text-center\">\n                    <h3 class=\"p-2 fw-bold\">Uppt\u00e4ck mina turerbjudanden<\/h3>\n                <\/div>\n            <\/div>\n                    <div class=\"col-lg-4 col-md-6 wow fadeInUp mb-3\">\n\t\t\t\t<a href=\"https:\/\/www.discovercars.com\/albania\/tirana\/tia?a_aid=kornfreak910\" target=\"_blank\" rel=\"noopener\">\n\t\t\t\t\t<div class=\"blog-grid border-radius-10 style-2\">\n\t\t\t\t\t\t<div class=\"img-price position-relative\">\n\t\t\t\t\t\t\t\t\t\t\t\t\t\t\t<img decoding=\"async\" src=\"https:\/\/adventurealbania.com\/wp-content\/uploads\/2024\/06\/Rental-Car-Albania.png\" class=\"border-radius-10\">\n\t\t\t\t\t\t\t\t\t\t\t\t\t\t\t<span>fr\u00e5n \u20ac30<\/span>\n\t\t\t\t\t\t\t\t\t\t\t\t\t<\/div>\n\n\t\t\t\t\t\t<div class=\"blog-info\">\n\t\t\t\t\t\t\t\t\t\t\t\t\t\t\t<span  class=\"fw-bold\">Hyrbil fr\u00e5n Tirana (Flygplats)<\/span>\n\t\t\t\t\t\t\t\t\t\t\t\t\t\t\t<p class=\"text-dark line-clamp-4\">F\u00f6r mig \u00e4r en hyrbil det b\u00e4sta alternativet f\u00f6r att resa runt i Albanien p\u00e5 ett flexibelt och tidsbesparande s\u00e4tt. Min rekommendation: Eftersom Albanien \u00e4r mycket bergigt, hyr en bil med tillr\u00e4ckligt med h\u00e4stkrafter.<\/p>\n\t\t\t\t\t\t\t\t\t\t\t\t\t\t\t<ul>\n\t\t\t\t\t\t\t\t\t\t\t\t\t\t\t\t\t\t\t<li><i class=\"fa fa-star\"><\/i><\/li>\n\t\t\t\t\t\t\t\t\t\t\t\t\t\t\t\t\t\t\t<li><i class=\"fa fa-star\"><\/i><\/li>\n\t\t\t\t\t\t\t\t\t\t\t\t\t\t\t\t\t\t\t<li><i class=\"fa fa-star\"><\/i><\/li>\n\t\t\t\t\t\t\t\t\t\t\t\t\t\t\t\t\t\t\t<li><i class=\"fa fa-star\"><\/i><\/li>\n\t\t\t\t\t\t\t\t\t\t\t\t\t\t\t\t\t\t\t<li><i class=\"fa fa-star\"><\/i><\/li>\n\t\t\t\t\t\t\t\t\t\t\t\t\t\t\t\t\t\t<li>(5\/5)<\/li>\n\t\t\t\t\t\t\t\t<\/ul>\n\t\t\t\t\t\t\t\t\t\t\t\t\t\t\t<span>1 dag<\/span>\n\t\t\t\t\t\t\t\t\t\t\t\t\t<\/div>\n\t\t\t\t\t<\/div>\n\t\t\t\t<\/a>\n            <\/div>\n                    <div class=\"col-lg-4 col-md-6 wow fadeInUp mb-3\">\n\t\t\t\t<a href=\"https:\/\/www.abenteueralbanien.de\/theth-valbona-hike\/\" target=\"_blank\" rel=\"noopener\">\n\t\t\t\t\t<div class=\"blog-grid border-radius-10 style-2\">\n\t\t\t\t\t\t<div class=\"img-price position-relative\">\n\t\t\t\t\t\t\t\t\t\t\t\t\t\t\t<img decoding=\"async\" src=\"https:\/\/adventurealbania.com\/wp-content\/uploads\/2024\/06\/Theth-Valbona-Hike-1-1.webp\" class=\"border-radius-10\">\n\t\t\t\t\t\t\t\t\t\t\t\t\t\t\t<span>fr\u00e5n \u20ac190<\/span>\n\t\t\t\t\t\t\t\t\t\t\t\t\t<\/div>\n\n\t\t\t\t\t\t<div class=\"blog-info\">\n\t\t\t\t\t\t\t\t\t\t\t\t\t\t\t<span  class=\"fw-bold\">Theth Valbona Vandring via Koman Lake &amp; Shala River (4 dagar)<\/span>\n\t\t\t\t\t\t\t\t\t\t\t\t\t\t\t<p class=\"text-dark line-clamp-4\">Upplev Theth till Valbona Hiking och Lake Koman p\u00e5 en 4-dagars sj\u00e4lvguidad vandring med privat boende, m\u00e5ltider och alla transfer i nationalparkerna.<\/p>\n\t\t\t\t\t\t\t\t\t\t\t\t\t\t\t<ul>\n\t\t\t\t\t\t\t\t\t\t\t\t\t\t\t\t\t\t\t<li><i class=\"fa fa-star\"><\/i><\/li>\n\t\t\t\t\t\t\t\t\t\t\t\t\t\t\t\t\t\t\t<li><i class=\"fa fa-star\"><\/i><\/li>\n\t\t\t\t\t\t\t\t\t\t\t\t\t\t\t\t\t\t\t<li><i class=\"fa fa-star\"><\/i><\/li>\n\t\t\t\t\t\t\t\t\t\t\t\t\t\t\t\t\t\t\t<li><i class=\"fa fa-star\"><\/i><\/li>\n\t\t\t\t\t\t\t\t\t\t\t\t\t\t\t\t\t\t\t<li><i class=\"fa fa-star\"><\/i><\/li>\n\t\t\t\t\t\t\t\t\t\t\t\t\t\t\t\t\t\t<li>(5\/5)<\/li>\n\t\t\t\t\t\t\t\t<\/ul>\n\t\t\t\t\t\t\t\t\t\t\t\t\t\t\t<span>4 dagar<\/span>\n\t\t\t\t\t\t\t\t\t\t\t\t\t<\/div>\n\t\t\t\t\t<\/div>\n\t\t\t\t<\/a>\n            <\/div>\n                    <div class=\"col-lg-4 col-md-6 wow fadeInUp mb-3\">\n\t\t\t\t<a href=\"https:\/\/www.abenteueralbanien.de\/peaks-of-the-balkans-6-days\/\" target=\"_blank\" rel=\"noopener\">\n\t\t\t\t\t<div class=\"blog-grid border-radius-10 style-2\">\n\t\t\t\t\t\t<div class=\"img-price position-relative\">\n\t\t\t\t\t\t\t\t\t\t\t\t\t\t\t<img decoding=\"async\" src=\"https:\/\/adventurealbania.com\/wp-content\/uploads\/2024\/06\/Taljanka-Grebaje-Valley_Peaks-of-the-Balkans-Trail.jpg\" class=\"border-radius-10\">\n\t\t\t\t\t\t\t\t\t\t\t\t\t\t\t<span>fr\u00e5n \u20ac540<\/span>\n\t\t\t\t\t\t\t\t\t\t\t\t\t<\/div>\n\n\t\t\t\t\t\t<div class=\"blog-info\">\n\t\t\t\t\t\t\t\t\t\t\t\t\t\t\t<span  class=\"fw-bold\">Peaks of the Balkans Trail Vandringstur 6 dagar <\/span>\n\t\t\t\t\t\t\t\t\t\t\t\t\t\t\t<p class=\"text-dark line-clamp-4\">Utforska Balkans toppar p\u00e5 egen hand, med transfer, boende i privata rum, m\u00e5ltider i bergen, GPS-filer och ruttbeskrivning.<\/p>\n\t\t\t\t\t\t\t\t\t\t\t\t\t\t\t<ul>\n\t\t\t\t\t\t\t\t\t\t\t\t\t\t\t\t\t\t\t<li><i class=\"fa fa-star\"><\/i><\/li>\n\t\t\t\t\t\t\t\t\t\t\t\t\t\t\t\t\t\t\t<li><i class=\"fa fa-star\"><\/i><\/li>\n\t\t\t\t\t\t\t\t\t\t\t\t\t\t\t\t\t\t\t<li><i class=\"fa fa-star\"><\/i><\/li>\n\t\t\t\t\t\t\t\t\t\t\t\t\t\t\t\t\t\t\t<li><i class=\"fa fa-star\"><\/i><\/li>\n\t\t\t\t\t\t\t\t\t\t\t\t\t\t\t\t\t\t\t<li><i class=\"fa fa-star\"><\/i><\/li>\n\t\t\t\t\t\t\t\t\t\t\t\t\t\t\t\t\t\t<li>(5\/5)<\/li>\n\t\t\t\t\t\t\t\t<\/ul>\n\t\t\t\t\t\t\t\t\t\t\t\t\t\t\t<span>6 dagar<\/span>\n\t\t\t\t\t\t\t\t\t\t\t\t\t<\/div>\n\t\t\t\t\t<\/div>\n\t\t\t\t<\/a>\n            <\/div>\n            <\/div>\n<\/div>\n\n\n\n<h2 class=\"wp-block-heading\" id=\"hiking-theth-to-valbona\">Vandring Theth till Valbona<\/h2>\n\n\n\n<p>Anledningen till att de flesta av er f\u00f6rmodligen har klickat er vidare till det h\u00e4r inl\u00e4gget \u00e4r f\u00f6r att ta reda p\u00e5 hur man vandrar fr\u00e5n Theth till Valbona. Stigen \u00e4r v\u00e4ltrampad och tydligt markerad och leder direkt ut fr\u00e5n Theth, \u00f6ver passet och sedan nerf\u00f6r sluttningen till Valbonadalen.<\/p>\n\n\n\n<figure class=\"wp-block-image size-large\"><img decoding=\"async\" width=\"1024\" height=\"768\" src=\"https:\/\/adventurealbania.com\/wp-content\/uploads\/2024\/07\/Theth-Valbona-1-1024x768.jpg\" alt=\"Ledstart i Theth by n\u00e4ra turistinformationen\" class=\"wp-image-2718\" srcset=\"https:\/\/adventurealbania.com\/wp-content\/uploads\/2024\/07\/Theth-Valbona-1-1024x768.jpg 1024w, https:\/\/adventurealbania.com\/wp-content\/uploads\/2024\/07\/Theth-Valbona-1-300x225.jpg 300w, https:\/\/adventurealbania.com\/wp-content\/uploads\/2024\/07\/Theth-Valbona-1-768x576.jpg 768w, https:\/\/adventurealbania.com\/wp-content\/uploads\/2024\/07\/Theth-Valbona-1-1536x1152.jpg 1536w, https:\/\/adventurealbania.com\/wp-content\/uploads\/2024\/07\/Theth-Valbona-1.jpg 2000w\" sizes=\"(max-width: 1024px) 100vw, 1024px\" \/><figcaption class=\"wp-element-caption\">Ledstart i Theth by n\u00e4ra turistinformationen<\/figcaption><\/figure>\n\n\n\n<figure class=\"wp-block-image size-large\"><img decoding=\"async\" width=\"1024\" height=\"768\" src=\"https:\/\/adventurealbania.com\/wp-content\/uploads\/2024\/07\/Theth-Valbona-1-9-1024x768.jpg\" alt=\"Grusad stig i byn Theth\" class=\"wp-image-2721\" srcset=\"https:\/\/adventurealbania.com\/wp-content\/uploads\/2024\/07\/Theth-Valbona-1-9-1024x768.jpg 1024w, https:\/\/adventurealbania.com\/wp-content\/uploads\/2024\/07\/Theth-Valbona-1-9-300x225.jpg 300w, https:\/\/adventurealbania.com\/wp-content\/uploads\/2024\/07\/Theth-Valbona-1-9-768x576.jpg 768w, https:\/\/adventurealbania.com\/wp-content\/uploads\/2024\/07\/Theth-Valbona-1-9-1536x1152.jpg 1536w, https:\/\/adventurealbania.com\/wp-content\/uploads\/2024\/07\/Theth-Valbona-1-9.jpg 2000w\" sizes=\"(max-width: 1024px) 100vw, 1024px\" \/><figcaption class=\"wp-element-caption\">Grusv\u00e4g i byn Theth, Albanska Alperna<\/figcaption><\/figure>\n\n\n\n<p>Fr\u00e5n Theth leder leden brant upp\u00e5t genom lugna, skuggiga skogar tills du n\u00e4stan har n\u00e5tt sadeln. N\u00e5gra sm\u00e5 fikast\u00e4llen kantar stigen och inbjuder till en paus i den branta uppf\u00f6rsbacken.<\/p>\n\n\n\n<figure class=\"wp-block-image size-large\"><img decoding=\"async\" width=\"1024\" height=\"768\" src=\"https:\/\/adventurealbania.com\/wp-content\/uploads\/2024\/07\/Theth-Valbona-1-24-1024x768.jpg\" alt=\"V\u00e4gen upp genom lummiga gr\u00f6na skogar till passet\" class=\"wp-image-2726\" srcset=\"https:\/\/adventurealbania.com\/wp-content\/uploads\/2024\/07\/Theth-Valbona-1-24-1024x768.jpg 1024w, https:\/\/adventurealbania.com\/wp-content\/uploads\/2024\/07\/Theth-Valbona-1-24-300x225.jpg 300w, https:\/\/adventurealbania.com\/wp-content\/uploads\/2024\/07\/Theth-Valbona-1-24-768x576.jpg 768w, https:\/\/adventurealbania.com\/wp-content\/uploads\/2024\/07\/Theth-Valbona-1-24-1536x1152.jpg 1536w, https:\/\/adventurealbania.com\/wp-content\/uploads\/2024\/07\/Theth-Valbona-1-24.jpg 2000w\" sizes=\"(max-width: 1024px) 100vw, 1024px\" \/><figcaption class=\"wp-element-caption\">V\u00e4gen upp genom lummiga gr\u00f6na skogar till passet med markeringar p\u00e5 v\u00e4gen<\/figcaption><\/figure>\n\n\n\n<figure class=\"wp-block-image size-large\"><img decoding=\"async\" width=\"1024\" height=\"768\" src=\"https:\/\/adventurealbania.com\/wp-content\/uploads\/2024\/07\/Theth-Valbona-1-22-1024x768.jpg\" alt=\"Liten \u00e4ng p\u00e5 v\u00e4gen upp strax f\u00f6re passet\" class=\"wp-image-2725\" srcset=\"https:\/\/adventurealbania.com\/wp-content\/uploads\/2024\/07\/Theth-Valbona-1-22-1024x768.jpg 1024w, https:\/\/adventurealbania.com\/wp-content\/uploads\/2024\/07\/Theth-Valbona-1-22-300x225.jpg 300w, https:\/\/adventurealbania.com\/wp-content\/uploads\/2024\/07\/Theth-Valbona-1-22-768x576.jpg 768w, https:\/\/adventurealbania.com\/wp-content\/uploads\/2024\/07\/Theth-Valbona-1-22-1536x1152.jpg 1536w, https:\/\/adventurealbania.com\/wp-content\/uploads\/2024\/07\/Theth-Valbona-1-22.jpg 2000w\" sizes=\"(max-width: 1024px) 100vw, 1024px\" \/><figcaption class=\"wp-element-caption\">Liten \u00e4ng p\u00e5 v\u00e4gen upp strax f\u00f6re passet<\/figcaption><\/figure>\n\n\n\n<p>V\u00e4l framme vid passet bjuds man p\u00e5 en magnifik panoramautsikt och det \u00e4r \u00e4ntligen dags f\u00f6r en ordentlig paus. En grusv\u00e4g viker av till h\u00f6ger och leder till sj\u00e4lva toppen, och det \u00e4r h\u00e4r du f\u00e5r den b\u00e4sta utsikten. \u00c4ven om en del vandrare hoppar \u00f6ver den h\u00e4r korta omv\u00e4gen \u00e4r den definitivt v\u00e4rd ett bes\u00f6k.<\/p>\n\n\n\n<figure class=\"wp-block-image size-large\"><img decoding=\"async\" width=\"1024\" height=\"768\" src=\"https:\/\/adventurealbania.com\/wp-content\/uploads\/2024\/07\/Theth-Valbona-1-33-1024x768.jpg\" alt=\"H\u00f6ga toppar strax f\u00f6re Valbona-passet\" class=\"wp-image-2729\" srcset=\"https:\/\/adventurealbania.com\/wp-content\/uploads\/2024\/07\/Theth-Valbona-1-33-1024x768.jpg 1024w, https:\/\/adventurealbania.com\/wp-content\/uploads\/2024\/07\/Theth-Valbona-1-33-300x225.jpg 300w, https:\/\/adventurealbania.com\/wp-content\/uploads\/2024\/07\/Theth-Valbona-1-33-768x576.jpg 768w, https:\/\/adventurealbania.com\/wp-content\/uploads\/2024\/07\/Theth-Valbona-1-33-1536x1152.jpg 1536w, https:\/\/adventurealbania.com\/wp-content\/uploads\/2024\/07\/Theth-Valbona-1-33.jpg 2000w\" sizes=\"(max-width: 1024px) 100vw, 1024px\" \/><figcaption class=\"wp-element-caption\">Utsikt \u00f6ver h\u00f6ga toppar strax f\u00f6re Valbona-passet<\/figcaption><\/figure>\n\n\n\n<p>Nedstigningen sker p\u00e5 en n\u00e5got mjukare stig som sicksackar \u00f6ver l\u00f6sa klipph\u00e4llar och \u00f6ppna \u00e4ngar till den uttorkade flodb\u00e4dden i Valbona-dalen. Nedf\u00f6rsbacken slingrar sig ned\u00e5t i direkt solljus och kan bli bl\u00e4ndande ljus n\u00e4r du korsar den glittrande flodb\u00e4dden, s\u00e5 polariserande solglas\u00f6gon \u00e4r en bra id\u00e9.<\/p>\n\n\n\n<figure class=\"wp-block-image size-large\"><img decoding=\"async\" width=\"1024\" height=\"768\" src=\"https:\/\/adventurealbania.com\/wp-content\/uploads\/2024\/07\/Theth-Valbona-1-36-1024x768.jpg\" alt=\"Flygfoto \u00f6ver Valbonadalen fr\u00e5n Valbonapasset\" class=\"wp-image-2730\" srcset=\"https:\/\/adventurealbania.com\/wp-content\/uploads\/2024\/07\/Theth-Valbona-1-36-1024x768.jpg 1024w, https:\/\/adventurealbania.com\/wp-content\/uploads\/2024\/07\/Theth-Valbona-1-36-300x225.jpg 300w, https:\/\/adventurealbania.com\/wp-content\/uploads\/2024\/07\/Theth-Valbona-1-36-768x576.jpg 768w, https:\/\/adventurealbania.com\/wp-content\/uploads\/2024\/07\/Theth-Valbona-1-36-1536x1152.jpg 1536w, https:\/\/adventurealbania.com\/wp-content\/uploads\/2024\/07\/Theth-Valbona-1-36.jpg 2000w\" sizes=\"(max-width: 1024px) 100vw, 1024px\" \/><figcaption class=\"wp-element-caption\">Utsikt \u00f6ver dalen fr\u00e5n Valbona Pass<\/figcaption><\/figure>\n\n\n\n<p>Snart skymtar bruna tegelstenar mellan tr\u00e4den och bilarnas d\u00e5n h\u00f6rs, och du vet att du har kommit fram till Valbona.<\/p>\n\n\n\n<h3 class=\"wp-block-heading\" id=\"a-night-in-the-valbona-valley\">En natt i Valbona-dalen<\/h3>\n\n\n\n<p>Valbona-dalen \u00e4r en <strong>mer tillg\u00e4nglig \u00e4n Theth<\/strong>men \u00e4nd\u00e5 mycket tyst och fridfullt. Den breda, glittrande vita flodb\u00e4dden som utg\u00f6r st\u00f6rre delen av Valbona Valley \u00e4r en idealisk plats att luta sig tillbaka i slutet av vandringen och se solen g\u00e5 upp eller g\u00e5 ner bakom de taggiga topparna.<\/p>\n\n\n\n<p>Den <strong>Valbon\u00ebdalens nationalpark<\/strong> omfattar den sydligaste forts\u00e4ttningen av de dinariska alperna, inklusive en del av de albanska alperna. Dalen genomkorsas av floden Valbona och omges av en rad vackra bergstoppar, bland annat Maja e Jezerc\u00ebs (2.694 m) och Maja Kollat\u00ebs (2.552 m).<\/p>\n\n\n\n<h3 class=\"wp-block-heading\" id=\"where-to-stay-in-valbona\">Var man ska bo i Valbona<\/h3>\n\n\n\n<p>Oavsett i vilken riktning du vandrar \u00e4r valet av boende i Valbona ett viktigt beslut som kan l\u00e4gga till n\u00e5gra kilometer till en redan l\u00e5ng vandringsdag. Om du vill \u00f6vernatta h\u00e4r b\u00f6r du boka tidigt! Priserna b\u00f6rjar p\u00e5 \u20ac 40 per person. Min rekomendation f\u00f6r Valbona:<\/p>\n\n\n\n<figure class=\"wp-block-image size-full\"><img decoding=\"async\" width=\"826\" height=\"357\" src=\"https:\/\/adventurealbania.com\/wp-content\/uploads\/2024\/07\/Guesthouse-Drinos-Valbone.png\" alt=\"G\u00e4sthus Drinos Valbone\" class=\"wp-image-2747\" srcset=\"https:\/\/adventurealbania.com\/wp-content\/uploads\/2024\/07\/Guesthouse-Drinos-Valbone.png 826w, https:\/\/adventurealbania.com\/wp-content\/uploads\/2024\/07\/Guesthouse-Drinos-Valbone-300x130.png 300w, https:\/\/adventurealbania.com\/wp-content\/uploads\/2024\/07\/Guesthouse-Drinos-Valbone-768x332.png 768w\" sizes=\"(max-width: 826px) 100vw, 826px\" \/><\/figure>\n\n\n\n<p><a href=\"https:\/\/www.booking.com\/hotel\/al\/guesthouse-drinos-valbone.en.html?aid=8057218&amp;no_rooms=1&amp;group_adults=2&amp;room1=A%2CA\" target=\"_blank\" rel=\"noopener\">Guest House Drinos Valbona:<\/a> Mitt rum d\u00e4r var rent, hade en balkong med en fantastisk utsikt, trevlig v\u00e4rd, mycket god frukost med hemlagad fikonmarmelad och gott kaffe serverades. Ocks\u00e5 mycket bra l\u00e4ge i den norra delen av Valbona - avskilt men inte f\u00f6r l\u00e5ngt borta fr\u00e5n slutet av din vandring.<\/p>\n\n\n\n<div class=\"wp-block-buttons is-content-justification-center is-layout-flex wp-container-core-buttons-is-layout-16018d1d wp-block-buttons-is-layout-flex\">\n<div class=\"wp-block-button has-custom-width wp-block-button__width-75 is-style-outline is-style-outline--2\"><a class=\"wp-block-button__link has-white-color has-text-color has-background has-link-color has-medium-font-size has-custom-font-size wp-element-button\" href=\"https:\/\/www.booking.com\/hotel\/al\/guesthouse-drinos-valbone.en.html?aid=8057218&amp;no_rooms=1&amp;group_adults=2&amp;room1=A%2CA\" style=\"border-radius:50px;background-color:#20357a;text-transform:uppercase\" target=\"_blank\" rel=\"noreferrer noopener\">visa p\u00e5 BOOKING.COM<\/a><\/div>\n<\/div>\n\n\n\n<h3 class=\"wp-block-heading\" id=\"taking-the-komani-lake-ferry-to-shkoder\">Ta f\u00e4rjan fr\u00e5n Komanisj\u00f6n till Shkoder<\/h3>\n\n\n\n<p>Koman-sj\u00f6n anses allm\u00e4nt vara en av Albaniens h\u00f6jdpunkter, och lyckligtvis lever platsen mer \u00e4n upp till hype.<\/p>\n\n\n\n<p>Klippor bevuxna med taggiga buskar tornar upp sig h\u00f6gt \u00f6ver det lugna turkosa vattnet. Perfekta reflektioner skimrar p\u00e5 vattenytan, endast avbrutna av det mjuka plaskandet fr\u00e5n b\u00e5tar som driver fram och tillbaka.<\/p>\n\n\n\n<figure class=\"wp-block-image size-large\"><img decoding=\"async\" width=\"1024\" height=\"768\" src=\"https:\/\/adventurealbania.com\/wp-content\/uploads\/2024\/06\/Koman-ferry-1024x768.jpg\" alt=\"Komani sj\u00f6f\u00e4rja Albanien\" class=\"wp-image-1470\" srcset=\"https:\/\/adventurealbania.com\/wp-content\/uploads\/2024\/06\/Koman-ferry-1024x768.jpg 1024w, https:\/\/adventurealbania.com\/wp-content\/uploads\/2024\/06\/Koman-ferry-300x225.jpg 300w, https:\/\/adventurealbania.com\/wp-content\/uploads\/2024\/06\/Koman-ferry-768x576.jpg 768w, https:\/\/adventurealbania.com\/wp-content\/uploads\/2024\/06\/Koman-ferry-1536x1152.jpg 1536w, https:\/\/adventurealbania.com\/wp-content\/uploads\/2024\/06\/Koman-ferry.jpg 2000w\" sizes=\"(max-width: 1024px) 100vw, 1024px\" \/><figcaption class=\"wp-element-caption\">Komani sj\u00f6f\u00e4rja Albanien<\/figcaption><\/figure>\n\n\n\n<p>\u00c4ven om du inte planerar att utforska de albanska alperna till fots \u00e4r det v\u00e4rt att avs\u00e4tta ett par timmar f\u00f6r f\u00e4rje\u00f6verfarten och s\u00e4kra en plats p\u00e5 f\u00f6rsta parkett till n\u00e5gra av landets mest spektakul\u00e4ra landskap.<\/p>\n\n\n\n<p>Jag hade l\u00e4st att det \u00e4r vanligt att pensionaten i Valbona ordnar direkttransport fr\u00e5n Valbona till Fierze, men eftersom det inte var s\u00e5 m\u00e5nga bes\u00f6kare vid mitt bes\u00f6k blev det en lite mer komplicerad rutt med stopp i Bajram Curri.<\/p>\n\n\n\n<p>Om det inte g\u00e5r n\u00e5gon direkt minibuss fr\u00e5n Valbona till Fierze tar du helt enkelt den tidiga morgonminibussen till Bajram Curri (300 lek\/\u20ac3,00) som ditt pensionat kan ordna, innan du byter till en ganska dyr taxi till Fierze (900 lek\/\u20ac9 per person) och sedan \u00e5ker till f\u00e4rjan (1200 lek\/\u20ac12).<\/p>\n\n\n\n<p>Vid ankomsten till Komani finns det minibussar som v\u00e4ntar p\u00e5 att ta dig resten av v\u00e4gen tillbaka till Shkoder f\u00f6r 10 \u20ac eller 1000 lek. \u00c4ven om avst\u00e5ndet inte \u00e4r s\u00e5 l\u00e5ngt \u00e4r det h\u00e4r definitivt de s\u00e4msta v\u00e4garna jag har st\u00f6tt p\u00e5 i Albanien, s\u00e5 resan \u00e4r ganska l\u00e5ngsam och oj\u00e4mn.<\/p>\n\n\n\n<h3 class=\"wp-block-heading\" id=\"accommodation-in-shkoder\">Boende i Shkoder<\/h3>\n\n\n\n<p><a href=\"https:\/\/www.booking.com\/hotel\/al\/the-wanderers-hostel.en.html?aid=8057218&amp;no_rooms=1&amp;group_adults=2&amp;room1=A%2CA\" target=\"_blank\" rel=\"noreferrer noopener\">The Wanderers Hostel Shkoder<\/a> | \u00c4ven om vandrarhemsscenen i Shkoder har vuxit med stadens popularitet p\u00e5 senare tid, \u00e4r The Wanderers Hostel Shkoder fortfarande en fast favorit. De m\u00e5nga utomhusomr\u00e5dena, den uts\u00f6kta frukosten, hyrcyklarna, det fantastiska l\u00e4get och den trevliga personalen g\u00f6r det till ett av de b\u00e4sta vandrarhemmen i Shkoder. Ett riktigt avslappnat tillh\u00e5ll f\u00f6r backpackers och ett utm\u00e4rkt st\u00e4lle att varva ner efter n\u00e5gra dagar i bergen.<\/p>\n\n\n\n<figure class=\"wp-block-image size-full\"><img decoding=\"async\" width=\"829\" height=\"357\" src=\"https:\/\/adventurealbania.com\/wp-content\/uploads\/2024\/07\/InTown-GuestHouse-Shkoder.png\" alt=\"InTown Guesthouse Shkoder\" class=\"wp-image-2750\" srcset=\"https:\/\/adventurealbania.com\/wp-content\/uploads\/2024\/07\/InTown-GuestHouse-Shkoder.png 829w, https:\/\/adventurealbania.com\/wp-content\/uploads\/2024\/07\/InTown-GuestHouse-Shkoder-300x129.png 300w, https:\/\/adventurealbania.com\/wp-content\/uploads\/2024\/07\/InTown-GuestHouse-Shkoder-768x331.png 768w\" sizes=\"(max-width: 829px) 100vw, 829px\" \/><\/figure>\n\n\n\n<p><a href=\"https:\/\/www.booking.com\/hotel\/al\/intown-guesthouse.en.html?aid=8057218&amp;no_rooms=1&amp;group_adults=2&amp;room1=A%2CA\" target=\"_blank\" rel=\"noreferrer noopener\">InTown G\u00e4sthus<\/a> | F\u00f6r dem som letar efter n\u00e5got lite mer privat \u00e4r InTown Guest House ett av de b\u00e4st rankade pensionaten i Shkoder, omgivet av en gr\u00f6n tr\u00e4dg\u00e5rd och erbjuder stor g\u00e4stfrihet. \u00c4garna \u00e4r mycket engagerade v\u00e4rdar. Parkering finns precis framf\u00f6r huset. Rymliga rum, vacker tr\u00e4dg\u00e5rd, vackert restaurerad historisk byggnad. Mycket bra valuta f\u00f6r pengarna.<\/p>\n\n\n\n<div class=\"wp-block-buttons is-content-justification-center is-layout-flex wp-container-core-buttons-is-layout-16018d1d wp-block-buttons-is-layout-flex\">\n<div class=\"wp-block-button has-custom-width wp-block-button__width-75 is-style-outline is-style-outline--3\"><a class=\"wp-block-button__link has-white-color has-text-color has-background has-link-color has-medium-font-size has-custom-font-size wp-element-button\" href=\"https:\/\/www.booking.com\/hotel\/al\/guesthouse-drinos-valbone.en.html?aid=8057218&amp;no_rooms=1&amp;group_adults=2&amp;room1=A%2CA\" style=\"border-radius:50px;background-color:#20357a;text-transform:uppercase\" target=\"_blank\" rel=\"noreferrer noopener\">visa p\u00e5 BOOKING.COM<\/a><\/div>\n<\/div>\n\n\n\n<h2 class=\"wp-block-heading\" id=\"things-to-know-for-the-hike-from-theth-to-valbona\">Saker att veta inf\u00f6r vandringen fr\u00e5n Theth till Valbona<\/h2>\n\n\n\n<h3 class=\"wp-block-heading\" id=\"what-you-should-pack-for-the-albanian-alps\">Vad du b\u00f6r packa f\u00f6r de albanska alperna<\/h3>\n\n\n\n<p><strong>Rej\u00e4la vandringsk\u00e4ngor<\/strong> | Leden \u00e4r bitvis mycket brant och stenig, s\u00e5 ett par rej\u00e4la vandringsk\u00e4ngor \u00e4r en bra id\u00e9. Jag reser med och \u00e4lskar <a href=\"https:\/\/amzn.to\/3YmSjIT\" target=\"_blank\" rel=\"noreferrer noopener\">Lowa Renegade<\/a> vandringsk\u00e4nga, som \u00e4r underbart l\u00e4tta, robusta och vattent\u00e4ta.<\/p>\n\n\n\n<p><strong>En \u00e5teranv\u00e4ndbar vattenflaska<\/strong> | H\u00e4r beh\u00f6ver du inte k\u00f6pa plastflaskor! Det finns ett antal iskalla k\u00e4llor l\u00e4ngs leden d\u00e4r du kan fylla din flaska direkt vid k\u00e4llan. Den <a href=\"https:\/\/amzn.to\/3Sr3hcM\" target=\"_blank\" rel=\"noreferrer noopener\">Klean Kanteen<\/a> flaskan \u00e4r min favorit.<\/p>\n\n\n\n<p><strong>Vattent\u00e4t jacka<\/strong> | Till och med p\u00e5 sommaren, n\u00e4r det \u00e4r stekhett i Tirana och Shkoder, \u00e4r klimatet i bergen of\u00f6ruts\u00e4gbart och mycket svalare. Ena dagen kan det vara str\u00e5lande solsken, medan det n\u00e4sta eftermiddag kan \u00f6sregna. P\u00e5 sommaren r\u00e4cker det med ett tunt baslager och ett vattent\u00e4tt ytterlager. P\u00e5 h\u00f6sten och v\u00e5ren kommer du definitivt att beh\u00f6va n\u00e5got varmare. Ett billigt alternativ \u00e4r <a href=\"https:\/\/amzn.to\/3WrxRUG\" target=\"_blank\" data-type=\"link\" data-id=\"https:\/\/amzn.to\/3WrxRUG\" rel=\"noreferrer noopener\">regnjacka fr\u00e5n Trespass<\/a>till exempel.<\/p>\n\n\n\n<p><strong>Snacks<\/strong> | Numera finns det en enkel minimarknad i Theth, men jag skulle rekommendera att du k\u00f6per n\u00e5gra saker innan du anl\u00e4nder till Tirana eller Shkoder, s\u00e4rskilt om du planerar att g\u00f6ra flera vandringar i omr\u00e5det eller inte vill k\u00f6pa en lunchpaket. Frukt, n\u00f6tter, kakor och godis \u00e4r alla en bra id\u00e9!<\/p>\n\n\n\n<p><strong>En karta<\/strong> | \u00c4ven om leden \u00e4r l\u00e4tt att hitta \u00e4r en karta ett absolut m\u00e5ste i bergen. Jag anv\u00e4nder alltid den kostnadsfria kartappen <a href=\"https:\/\/maps.me\/\" target=\"_blank\" rel=\"noopener\">Maps.me<\/a>som har leden och m\u00e5nga av pensionaten markerade p\u00e5 den. Det \u00e4r bara att ladda ner den innan du anl\u00e4nder till regionen.<\/p>\n\n\n\n<p><strong>Underh\u00e5llning<\/strong> | Oavsett om du \u00e4r en ivrig vandrare eller en nyb\u00f6rjare i vandringsk\u00e4ngor, kommer du definitivt att ha gott om tid att koppla av p\u00e5 kv\u00e4llar och eftermiddagar. En bra gammal kortlek \u00e4r sv\u00e5r att missa i bergen, och om du \u00e4r p\u00e5 egen hand \u00e4r en fullt utrustad <a href=\"https:\/\/amzn.to\/3Wr2Q3q\" target=\"_blank\" rel=\"noreferrer noopener\">Kindle<\/a> eller Audible-biblioteket \u00e4r andra praktiska och enkla s\u00e4tt att f\u00f6rdriva tiden.<\/p>\n\n\n\n<h3 class=\"wp-block-heading\" id=\"top-tips-for-the-hike-from-theth-to-valbona\">B\u00e4sta tipsen f\u00f6r vandringen fr\u00e5n Theth till Valbona<\/h3>\n\n\n\n<p><strong>Packa l\u00e4tt<\/strong> | Oavsett hur du g\u00f6r vandringen kommer du att beh\u00f6va g\u00e5 uppf\u00f6r en l\u00e5ng stund. F\u00f6r att skona dina ben (och din rygg), ta bara med det n\u00f6dv\u00e4ndigaste f\u00f6r din tid i Theth och Valbona och l\u00e4mna resten p\u00e5 ditt boende i Shkoder.<\/p>\n\n\n\n<p><strong>Boka ditt boende i f\u00f6rv\u00e4g<\/strong> | Om du reser under h\u00f6gsommaren, boka ditt boende i god tid f\u00f6r att s\u00e4kra de b\u00e4sta pensionaten p\u00e5 de b\u00e4sta platserna, s\u00e4rskilt i Valbona, d\u00e4r erbjudandet \u00e4r f\u00f6rdelat \u00f6ver hela dalen.<\/p>\n\n\n\n<p><strong>G\u00e5 upp tidigt<\/strong> | Valbona-sidan av vandringen \u00e4r helt utsatt f\u00f6r v\u00e4der och vind, s\u00e5 det \u00e4r b\u00e4st att ge sig av s\u00e5 tidigt som m\u00f6jligt f\u00f6r att undvika eftermiddagsv\u00e4rmen eller vindbyarna. Om du inte har bokat ditt boende \u00e4nnu, kan du genom att komma tidigt ocks\u00e5 f\u00e5 f\u00f6rstahandsval av de boenden som fortfarande \u00e4r tillg\u00e4ngliga.<\/p>\n\n\n\n<h3 class=\"wp-block-heading\" id=\"what-you-should-plan-for-the-hike\">Vad du b\u00f6r planera inf\u00f6r vandringen<\/h3>\n\n\n\n<p>Ute i bergen har du inte tillg\u00e5ng till en bankomat, s\u00e5 du m\u00e5ste ta med dig alla pengar du vill spendera under de tre eller fler dagar som ditt bes\u00f6k varar.<\/p>\n\n\n\n<p><strong>B\u00e4sta tipset:<\/strong> Minimarknaden s\u00e4ljer n\u00e4stan samma produkter som baren bredvid, men till halva priset.<\/p>\n\n\n\n<p>Om du planerar att tillbringa fler dagar i bergen b\u00f6r du r\u00e4kna med minst 60 \u20ac per dag, plus lite mer om v\u00e4dret s\u00e4tter k\u00e4ppar i hjulet f\u00f6r dina planer. R\u00e4kna ocks\u00e5 med ytterligare 5 \u20ac per person och dag om du vill ta med dig en lunchl\u00e5da fr\u00e5n ditt pensionat.<\/p>\n\n\n\n<h2 class=\"wp-block-heading\" id=\"travel-faq\">Vanliga fr\u00e5gor om resor<\/h2>\n\n\n\n<h3 class=\"wp-block-heading\" id=\"when-is-the-best-time-to-hike-theth-valbona\">N\u00e4r \u00e4r den b\u00e4sta tiden att vandra Theth - Valbona?<\/h3>\n\n\n\n<p>Den b\u00e4sta tiden att vandra Theth - Valbona \u00e4r fr\u00e5n&nbsp;<strong>juni - oktober<\/strong>&nbsp;n\u00e4r vandringslederna \u00e4r \u00f6ppna, och du \u00e4r mer ben\u00e4gna att f\u00e5 klara dagar, vilket g\u00f6r din vandring mycket trevligare. V\u00e4derprognosen i de albanska alperna \u00e4r ganska exakt, s\u00e5 jag rekommenderar att du kontrollerar prognosen cirka 3 dagar f\u00f6re din resa.<\/p>\n\n\n\n<h3 class=\"wp-block-heading\" id=\"how-to-get-from-tirana-to-shkoder\">Hur tar man sig fr\u00e5n Tirana till Shkoder?<\/h3>\n\n\n\n<p>Fr\u00e5n Tirana kan du ta en av de m\u00e5nga bussarna som g\u00e5r till Shkodra varje dag fr\u00e5n Northward Bus Station i Tirana. Det finns m\u00e5nga bussar som g\u00e5r varje dag mellan de tv\u00e5 st\u00e4derna fr\u00e5n 7:00 till 18:00, med avg\u00e5ng varje timme. Bussen kostar 500 LEK och det tar cirka 2 timmar att komma till Shkoder. Det kommer att sl\u00e4ppa av dig p\u00e5&nbsp;<a href=\"https:\/\/goo.gl\/maps\/eVpmgwRd4aTRD5ND6\" target=\"_blank\" rel=\"noreferrer noopener\">Sheshi Demonkracia rondell<\/a>&nbsp;ligger i stadens centrum, s\u00e5 du b\u00f6r inte ha n\u00e5gra problem att g\u00e5 till ditt vandrarhem \/ hotell.<\/p>\n\n\n\t<h2>Rekommenderas<\/h2>\n\n<div class=\"recommended-blog row\">\n\t\t<div class=\"col-lg-4 col-md-6\">\n\t\t<div class=\"recc-text\">\n\t\t\t<a href=\"https:\/\/adventurealbania.com\/sv\/theth-albania\/\">\n\t\t\t\t\t\t\t\t\t<img decoding=\"async\" src=\"https:\/\/adventurealbania.com\/wp-content\/uploads\/2024\/06\/blog1-scaled.jpg\">\n\t\t\t\t\t\t\t\t\n\t\t\t\t\n\t\t\t\t<p class=\"line-clamp-2\">\n\t\t\t\t\tTheth Albania - Porten till de albanska alperna\t\t\t\t<\/p>\n\t\t\t<\/a>\n\t\t<\/div>\n\t<\/div>\n\t\t<div class=\"col-lg-4 col-md-6\">\n\t\t<div class=\"recc-text\">\n\t\t\t<a href=\"https:\/\/adventurealbania.com\/sv\/albanian-alps\/\">\n\t\t\t\t\t\t\t\t\t<img decoding=\"async\" src=\"https:\/\/adventurealbania.com\/wp-content\/uploads\/2024\/07\/Taljanka-Peak-Grebaje-Valley.png\">\n\t\t\t\t\t\t\t\t\n\t\t\t\t\n\t\t\t\t<p class=\"line-clamp-2\">\n\t\t\t\t\tAlbanska Alperna &amp; Prokletije - Vandring i Balkanbergen\t\t\t\t<\/p>\n\t\t\t<\/a>\n\t\t<\/div>\n\t<\/div>\n\t\t<div class=\"col-lg-4 col-md-6\">\n\t\t<div class=\"recc-text\">\n\t\t\t<a href=\"https:\/\/adventurealbania.com\/sv\/shkoder-things-to-do\/\">\n\t\t\t\t\t\t\t\t\t<img decoding=\"async\" src=\"https:\/\/adventurealbania.com\/wp-content\/uploads\/2024\/09\/Shkoder-north-Albania_Rruga-Kole-Idromeno-street_scaled-1.jpg\">\n\t\t\t\t\t\t\t\t\n\t\t\t\t\n\t\t\t\t<p class=\"line-clamp-2\">\n\t\t\t\t\tShkoder Albanien - De 10 b\u00e4sta sakerna att g\u00f6ra\t\t\t\t<\/p>\n\t\t\t<\/a>\n\t\t<\/div>\n\t<\/div>\n\t<\/div>","protected":false},"excerpt":{"rendered":"<p>Missa inte den otroliga vandringen fr\u00e5n Theth till Valbona som f\u00f6ljer en gammal herdestig! Det \u00e4r en vacker och utmanande rutt som b\u00f6rjar i bergsbyn Theth och g\u00e5r \u00f6ver Peja-passet in i Valbona National Park.<\/p>","protected":false},"author":2,"featured_media":2731,"comment_status":"closed","ping_status":"closed","sticky":false,"template":"","format":"standard","meta":{"footnotes":""},"categories":[8],"tags":[],"class_list":["post-2711","post","type-post","status-publish","format-standard","has-post-thumbnail","hentry","category-hike"],"acf":[],"_links":{"self":[{"href":"https:\/\/adventurealbania.com\/sv\/wp-json\/wp\/v2\/posts\/2711","targetHints":{"allow":["GET"]}}],"collection":[{"href":"https:\/\/adventurealbania.com\/sv\/wp-json\/wp\/v2\/posts"}],"about":[{"href":"https:\/\/adventurealbania.com\/sv\/wp-json\/wp\/v2\/types\/post"}],"author":[{"embeddable":true,"href":"https:\/\/adventurealbania.com\/sv\/wp-json\/wp\/v2\/users\/2"}],"replies":[{"embeddable":true,"href":"https:\/\/adventurealbania.com\/sv\/wp-json\/wp\/v2\/comments?post=2711"}],"version-history":[{"count":34,"href":"https:\/\/adventurealbania.com\/sv\/wp-json\/wp\/v2\/posts\/2711\/revisions"}],"predecessor-version":[{"id":6757,"href":"https:\/\/adventurealbania.com\/sv\/wp-json\/wp\/v2\/posts\/2711\/revisions\/6757"}],"wp:featuredmedia":[{"embeddable":true,"href":"https:\/\/adventurealbania.com\/sv\/wp-json\/wp\/v2\/media\/2731"}],"wp:attachment":[{"href":"https:\/\/adventurealbania.com\/sv\/wp-json\/wp\/v2\/media?parent=2711"}],"wp:term":[{"taxonomy":"category","embeddable":true,"href":"https:\/\/adventurealbania.com\/sv\/wp-json\/wp\/v2\/categories?post=2711"},{"taxonomy":"post_tag","embeddable":true,"href":"https:\/\/adventurealbania.com\/sv\/wp-json\/wp\/v2\/tags?post=2711"}],"curies":[{"name":"wp","href":"https:\/\/api.w.org\/{rel}","templated":true}]}}