{"id":3406,"date":"2024-08-27T10:34:27","date_gmt":"2024-08-27T08:34:27","guid":{"rendered":"https:\/\/adventurealbania.com\/?p=3406"},"modified":"2026-02-15T18:35:19","modified_gmt":"2026-02-15T17:35:19","slug":"szczyty-balkanow","status":"publish","type":"post","link":"https:\/\/adventurealbania.com\/pl\/peaks-of-the-balkans\/","title":{"rendered":"Szczyty Ba\u0142kan\u00f3w - trasa, 10 etap\u00f3w, zezwolenia"},"content":{"rendered":"<div class=\"profile-disclosure\">\n\t\n\t\t\t<img decoding=\"async\" src=\"https:\/\/adventurealbania.com\/wp-content\/uploads\/2024\/07\/Dirk-3-modified-1.png\" alt=\"Dirk\" class=\"profile-pic\">\n\t\t\n\t<p class=\"olly-disclosure\">\n\t\t<span class=\"by-olly-label\">Przez<\/span> <strong>Dirk<\/strong>podr\u00f3\u017cnik przygodowy, pochodz\u0105cy z Niemiec. Odwiedzam ka\u017cde miejsce, o kt\u00f3rym pisz\u0119 i dziel\u0119 si\u0119 prawdziwymi wskaz\u00f3wkami, zdj\u0119ciami i poradami z moich podr\u00f3\u017cy.\t<\/p>\n<\/div>\n\n\n\n<p><em>The <strong>szlak \u0142\u0105czy granice Albanii, Czarnog\u00f3ry i Kosowa<\/strong> i oferuje zar\u00f3wno <strong>wyj\u0105tkowa przygoda na \u015bwie\u017cym powietrzu<\/strong> i niezr\u00f3wnane do\u015bwiadczenie kulturowe.<\/em><\/p>\n\n\n\n<p>\"Szczyty Ba\u0142kan\u00f3w\": D\u0142ugodystansowy szlak turystyczny przez Albani\u0119, Czarnog\u00f3r\u0119 i Kosowo charakteryzuje si\u0119 imponuj\u0105cymi formacjami g\u00f3r krasowych Prokletije, spektakularnymi widokami na bujne doliny oraz \u017cyczliwo\u015bci\u0105 i go\u015bcinno\u015bci\u0105 ludzi. Zawsze na wysoko\u015bci od 700 do 2500 metr\u00f3w nad poziomem morza, szlak prowadzi do klejnot\u00f3w przyrody i pi\u0119knych miasteczek, takich jak alba\u0144skie miasto Theth i czarnog\u00f3rskie miasto Plav. Przyjemno\u015b\u0107 alpejskich w\u0119dr\u00f3wek bez masowej turystyki w historycznie i spo\u0142ecznie fascynuj\u0105cym regionie \u015bwiata!<\/p>\n\n\n\n<figure class=\"wp-block-image size-full\"><img decoding=\"async\" width=\"1000\" height=\"750\" src=\"https:\/\/adventurealbania.com\/wp-content\/uploads\/2024\/08\/Peaks-of-the-Balkans-viewpoint-1.jpg\" alt=\"Punkt widokowy Peaks of the Balkans z widokiem na wysoki grzbiet g\u00f3rski w Albanii\" class=\"wp-image-3816\" srcset=\"https:\/\/adventurealbania.com\/wp-content\/uploads\/2024\/08\/Peaks-of-the-Balkans-viewpoint-1.jpg 1000w, https:\/\/adventurealbania.com\/wp-content\/uploads\/2024\/08\/Peaks-of-the-Balkans-viewpoint-1-300x225.jpg 300w, https:\/\/adventurealbania.com\/wp-content\/uploads\/2024\/08\/Peaks-of-the-Balkans-viewpoint-1-768x576.jpg 768w\" sizes=\"(max-width: 1000px) 100vw, 1000px\" \/><\/figure>\n\n\n\n<details class=\"wp-block-details accordion accordion-flush accordion-item is-layout-flow wp-block-details-is-layout-flow\"><summary>Spis tre\u015bci<\/summary>\n<div class=\"wp-block-rank-math-toc-block\" id=\"rank-math-toc\"><nav><ul><li class=\"\"><a href=\"#your-hiking-adventure-on-the-peaks-of-the-balkans-trail\">Twoja piesza przygoda na Szlaku Szczyt\u00f3w Ba\u0142kan\u00f3w<\/a><ul><li class=\"\"><a href=\"#what-is-the-peaks-of-the-balkans-trail\">Czym jest Szlak Szczyt\u00f3w Ba\u0142kan\u00f3w?<\/a><\/li><li class=\"\"><a href=\"#peaks-of-the-balkans-trail-map\">Mapa szlaku na szczyty Ba\u0142kan\u00f3w<\/a><\/li><li class=\"\"><a href=\"#route\">Trasa<\/a><\/li><li class=\"\"><a href=\"#stages\">Etapy<\/a><\/li><li class=\"\"><a href=\"#elevation-profile\">Profil wysoko\u015bci<\/a><\/li><li class=\"\"><a href=\"#difficulty-and-safety\">Trudno\u015b\u0107 i bezpiecze\u0144stwo<\/a><\/li><li class=\"\"><a href=\"#peaks-of-the-balkans-best-time-to-hike\">Szczyty Ba\u0142kan\u00f3w - najlepszy czas na w\u0119dr\u00f3wk\u0119<\/a><\/li><li class=\"\"><a href=\"#arrival\">Przybycie<\/a><\/li><li class=\"\"><a href=\"#accommodation-on-the-trail-where-to-stay\">Zakwaterowanie na szlaku - gdzie si\u0119 zatrzyma\u0107?<\/a><\/li><\/ul><\/li><li class=\"\"><a href=\"#planning-your-hike\">Planowanie w\u0119dr\u00f3wki<\/a><ul><li class=\"\"><a href=\"#with-or-without-a-guide\">Z przewodnikiem lub bez<\/a><\/li><li class=\"\"><a href=\"#visa-border-crossing-permits\">Wiza: Zezwolenia na przekraczanie granicy<\/a><\/li><li class=\"\"><a href=\"#packing-list-what-to-bring\">Lista rzeczy do spakowania - co zabra\u0107<\/a><\/li><li class=\"\"><a href=\"#provisions-food-drink\">Zapasy - \u017bywno\u015b\u0107 i napoje<\/a><\/li><li class=\"\"><a href=\"#budget-cost\">Bud\u017cet i koszty<\/a><\/li><li class=\"\"><a href=\"#conclusion\">Wnioski<\/a><\/li><\/ul><\/li><\/ul><\/nav><\/div>\n\n\n\n<p><\/p>\n<\/details>\n\n\n\n<p>Co za do\u015bwiadczenie: szlak trzech bieg\u00f3w narciarskich \"Szczyty Ba\u0142kan\u00f3w\" rozci\u0105ga si\u0119 na ok. <strong>200 kilometr\u00f3w<\/strong> i ponad <strong>10 000 metr\u00f3w wysoko\u015bci<\/strong>! W\u0119drujesz dawnymi \u015bcie\u017ckami pasterskimi przez regiony przygraniczne, kt\u00f3re przesz\u0142y ekscytuj\u0105cy rozw\u00f3j dzi\u0119ki p\u00f3\u017aniejszej turystyce ekologicznej i pieszej. Niemniej jednak, jeste\u015b z dala od masowej turystyki.<\/p>\n\n\n<div class=\"section-wrap mt-3 mb-3 bg-light p-3\">\n    <div class=\"row\">\n                    <div class=\"col-lg-12\">\n                <div class=\"section-title text-center\">\n                    <h3 class=\"p-2 fw-bold\">Peaks of the Balkans Self-guided<\/h3>\n                <\/div>\n            <\/div>\n                    <div class=\"col-lg-4 col-md-6 wow fadeInUp mb-3\">\n\t\t\t\t<a href=\"https:\/\/www.abenteueralbanien.de\/peaks-of-the-balkans-5-10-days\/\" target=\"_blank\" rel=\"noopener\">\n\t\t\t\t\t<div class=\"blog-grid border-radius-10 style-2\">\n\t\t\t\t\t\t<div class=\"img-price position-relative\">\n\t\t\t\t\t\t\t\t\t\t\t\t\t\t\t<img decoding=\"async\" src=\"https:\/\/adventurealbania.com\/wp-content\/uploads\/2025\/02\/Peaks-of-the-Balkans-7-Days-Self-Guided-Hiking-Tour.jpg\" class=\"border-radius-10\">\n\t\t\t\t\t\t\t\t\t\t\t\t\t\t\t<span>od 615<\/span>\n\t\t\t\t\t\t\t\t\t\t\t\t\t<\/div>\n\n\t\t\t\t\t\t<div class=\"blog-info\">\n\t\t\t\t\t\t\t\t\t\t\t\t\t\t\t<span  class=\"fw-bold\">7 dni Peaks of the Balkans<\/span>\n\t\t\t\t\t\t\t\t\t\t\t\t\t\t\t<p class=\"text-dark line-clamp-4\">Kr\u00f3tka wersja szlaku bez Kosowa, ale obejmuj\u0105ca s\u0142ynn\u0105 w\u0119dr\u00f3wk\u0119 Theth - Valbone, jezioro Hrid na wysoko\u015bci 2000 m i wiosk\u0119 pastersk\u0105 Doberdol.<\/p>\n\t\t\t\t\t\t\t\t\t\t\t\t\t\t\t<ul>\n\t\t\t\t\t\t\t\t\t\t\t\t\t\t\t\t\t\t\t<li><i class=\"fa fa-star\"><\/i><\/li>\n\t\t\t\t\t\t\t\t\t\t\t\t\t\t\t\t\t\t\t<li><i class=\"fa fa-star\"><\/i><\/li>\n\t\t\t\t\t\t\t\t\t\t\t\t\t\t\t\t\t\t\t<li><i class=\"fa fa-star\"><\/i><\/li>\n\t\t\t\t\t\t\t\t\t\t\t\t\t\t\t\t\t\t\t<li><i class=\"fa fa-star\"><\/i><\/li>\n\t\t\t\t\t\t\t\t\t\t\t\t\t\t\t\t\t\t\t<li><i class=\"fa fa-star\"><\/i><\/li>\n\t\t\t\t\t\t\t\t\t\t\t\t\t\t\t\t\t\t<li>(5\/5)<\/li>\n\t\t\t\t\t\t\t\t<\/ul>\n\t\t\t\t\t\t\t\t\t\t\t\t\t\t\t<span>7 dni<\/span>\n\t\t\t\t\t\t\t\t\t\t\t\t\t<\/div>\n\t\t\t\t\t<\/div>\n\t\t\t\t<\/a>\n            <\/div>\n                    <div class=\"col-lg-4 col-md-6 wow fadeInUp mb-3\">\n\t\t\t\t<a href=\"https:\/\/www.abenteueralbanien.de\/peaks-of-the-balkans-5-10-days\/\" target=\"_blank\" rel=\"noopener\">\n\t\t\t\t\t<div class=\"blog-grid border-radius-10 style-2\">\n\t\t\t\t\t\t<div class=\"img-price position-relative\">\n\t\t\t\t\t\t\t\t\t\t\t\t\t\t\t<img decoding=\"async\" src=\"https:\/\/adventurealbania.com\/wp-content\/uploads\/2025\/02\/Peaks-of-the-Balkans-Self_guided-7-to-10-Days.webp\" class=\"border-radius-10\">\n\t\t\t\t\t\t\t\t\t\t\t\t\t\t\t<span>od 765<\/span>\n\t\t\t\t\t\t\t\t\t\t\t\t\t<\/div>\n\n\t\t\t\t\t\t<div class=\"blog-info\">\n\t\t\t\t\t\t\t\t\t\t\t\t\t\t\t<span  class=\"fw-bold\">10-dniowe szczyty Ba\u0142kan\u00f3w<\/span>\n\t\t\t\t\t\t\t\t\t\t\t\t\t\t\t<p class=\"text-dark line-clamp-4\">10-dniowy Peaks of the Balkans przez wszystkie 3 kraje - Albani\u0119, Kosowo i Czarnog\u00f3r\u0119, w tym szczyt Gjeravica i szczyt Taljanka w dolinie Grebaje.<\/p>\n\t\t\t\t\t\t\t\t\t\t\t\t\t\t\t<ul>\n\t\t\t\t\t\t\t\t\t\t\t\t\t\t\t\t\t\t\t<li><i class=\"fa fa-star\"><\/i><\/li>\n\t\t\t\t\t\t\t\t\t\t\t\t\t\t\t\t\t\t\t<li><i class=\"fa fa-star\"><\/i><\/li>\n\t\t\t\t\t\t\t\t\t\t\t\t\t\t\t\t\t\t\t<li><i class=\"fa fa-star\"><\/i><\/li>\n\t\t\t\t\t\t\t\t\t\t\t\t\t\t\t\t\t\t\t<li><i class=\"fa fa-star\"><\/i><\/li>\n\t\t\t\t\t\t\t\t\t\t\t\t\t\t\t\t\t\t\t<li><i class=\"fa fa-star\"><\/i><\/li>\n\t\t\t\t\t\t\t\t\t\t\t\t\t\t\t\t\t\t<li>(5\/5)<\/li>\n\t\t\t\t\t\t\t\t<\/ul>\n\t\t\t\t\t\t\t\t\t\t\t\t\t\t\t<span>10 dni<\/span>\n\t\t\t\t\t\t\t\t\t\t\t\t\t<\/div>\n\t\t\t\t\t<\/div>\n\t\t\t\t<\/a>\n            <\/div>\n                    <div class=\"col-lg-4 col-md-6 wow fadeInUp mb-3\">\n\t\t\t\t<a href=\"https:\/\/www.abenteueralbanien.de\/peaks-of-the-balkans-5-10-days\/\" target=\"_blank\" rel=\"noopener\">\n\t\t\t\t\t<div class=\"blog-grid border-radius-10 style-2\">\n\t\t\t\t\t\t<div class=\"img-price position-relative\">\n\t\t\t\t\t\t\t\t\t\t\t\t\t\t\t<img decoding=\"async\" src=\"https:\/\/adventurealbania.com\/wp-content\/uploads\/2025\/02\/Peaks-of-the-Balkans-11-Days-Self-Guided-Hiking-Tour.jpg\" class=\"border-radius-10\">\n\t\t\t\t\t\t\t\t\t\t\t\t\t\t\t<span>od 890<\/span>\n\t\t\t\t\t\t\t\t\t\t\t\t\t<\/div>\n\n\t\t\t\t\t\t<div class=\"blog-info\">\n\t\t\t\t\t\t\t\t\t\t\t\t\t\t\t<span  class=\"fw-bold\">11 dni Peaks of the Balkans<\/span>\n\t\t\t\t\t\t\t\t\t\t\t\t\t\t\t<p class=\"text-dark line-clamp-4\">Opcja 11-dniowa obejmuj\u0105ca nocleg w wiosce pasterskiej Doberdol (Albania), przepraw\u0119 promow\u0105 przez jezioro Koman i dolin\u0119 Grebaja (Czarnog\u00f3ra).<\/p>\n\t\t\t\t\t\t\t\t\t\t\t\t\t\t\t<ul>\n\t\t\t\t\t\t\t\t\t\t\t\t\t\t\t\t\t\t\t<li><i class=\"fa fa-star\"><\/i><\/li>\n\t\t\t\t\t\t\t\t\t\t\t\t\t\t\t\t\t\t\t<li><i class=\"fa fa-star\"><\/i><\/li>\n\t\t\t\t\t\t\t\t\t\t\t\t\t\t\t\t\t\t\t<li><i class=\"fa fa-star\"><\/i><\/li>\n\t\t\t\t\t\t\t\t\t\t\t\t\t\t\t\t\t\t\t<li><i class=\"fa fa-star\"><\/i><\/li>\n\t\t\t\t\t\t\t\t\t\t\t\t\t\t\t\t\t\t\t<li><i class=\"fa fa-star\"><\/i><\/li>\n\t\t\t\t\t\t\t\t\t\t\t\t\t\t\t\t\t\t<li>(5\/5)<\/li>\n\t\t\t\t\t\t\t\t<\/ul>\n\t\t\t\t\t\t\t\t\t\t\t\t\t\t\t<span>11 dni<\/span>\n\t\t\t\t\t\t\t\t\t\t\t\t\t<\/div>\n\t\t\t\t\t<\/div>\n\t\t\t\t<\/a>\n            <\/div>\n            <\/div>\n<\/div>\n\n\n\n<p>W <strong>dziesi\u0119\u0107 jednodniowych etap\u00f3w<\/strong>W\u0119dr\u00f3wka z Theth przez Valbon\u0119 do surowych, wysokich dolin Dob\u00ebrdol i Milishevc. W Kosowie b\u0119dziesz cieszy\u0107 si\u0119 kr\u00f3tk\u0105 chwil\u0105 komfortu w pobli\u017cu czerwonej ska\u0142y \"Guri i Kuq\", zanim ponownie wespniesz si\u0119 w g\u00f3r\u0119 i ostatecznie dotrzesz do malowniczego miasteczka Plav. Stamt\u0105d w\u0119drujesz przez spektakularnie pi\u0119kne grzbiety i wysokie doliny w \u015brodku g\u00f3r krasowych Prokletije z powrotem do Theth.<\/p>\n\n\n\n<h2 class=\"wp-block-heading\" id=\"your-hiking-adventure-on-the-peaks-of-the-balkans-trail\">Twoja piesza przygoda na Szlaku Szczyt\u00f3w Ba\u0142kan\u00f3w<\/h2>\n\n\n\n<h3 class=\"wp-block-heading\" id=\"what-is-the-peaks-of-the-balkans-trail\">Czym jest Szlak Szczyt\u00f3w Ba\u0142kan\u00f3w?<\/h3>\n\n\n\n<p>The <strong>idea szlaku<\/strong> by\u0142o zaoferowanie interesuj\u0105cego kulturowo <strong>przygoda na \u015bwie\u017cym powietrzu<\/strong> kt\u00f3ra pomaga r\u00f3wnie\u017c wspiera\u0107 lokalne rodziny w odleg\u0142ych obszarach g\u00f3rskich.<\/p>\n\n\n\n<p><strong>Szlaki by\u0142y pocz\u0105tkowo tworzone przez pasterzy i \u017co\u0142nierzy w celu po\u0142\u0105czenia odizolowanych region\u00f3w g\u00f3rskich<\/strong>. To szybko si\u0119 zmienia, gdy we\u017amie si\u0119 pod uwag\u0119 <strong>burzliwa historia regionu<\/strong> i <strong>niegdy\u015b \u015bci\u015ble kontrolowane granice<\/strong>. To, co dzi\u015b wydaje si\u0119 normalne, czyli przekraczanie granic pa\u0144stwowych ze wzgl\u0119dn\u0105 \u0142atwo\u015bci\u0105, jeszcze kilka lat temu by\u0142oby niemo\u017cliwe. Dzi\u0119ki nowemu systemowi aplikacji do przekraczania granic, mo\u017cesz teraz zmierzy\u0107 si\u0119 z t\u0105 wyj\u0105tkow\u0105 w\u0119dr\u00f3wk\u0105. <strong>\u0142\u0105czy najbardziej niesamowite obszary g\u00f3rskie Albanii, Kosowa i Czarnog\u00f3ry<\/strong>.<\/p>\n\n\n\n<h3 class=\"wp-block-heading\" id=\"peaks-of-the-balkans-trail-map\">Mapa szlaku na szczyty Ba\u0142kan\u00f3w<\/h3>\n\n\n\n<figure class=\"wp-block-image size-large\"><img decoding=\"async\" width=\"1024\" height=\"722\" src=\"https:\/\/adventurealbania.com\/wp-content\/uploads\/2024\/08\/Peaks-of-the-balkans_Map-1024x722.webp\" alt=\"Mapa szczyt\u00f3w Ba\u0142kan\u00f3w\" class=\"wp-image-3414\" srcset=\"https:\/\/adventurealbania.com\/wp-content\/uploads\/2024\/08\/Peaks-of-the-balkans_Map-1024x722.webp 1024w, https:\/\/adventurealbania.com\/wp-content\/uploads\/2024\/08\/Peaks-of-the-balkans_Map-300x212.webp 300w, https:\/\/adventurealbania.com\/wp-content\/uploads\/2024\/08\/Peaks-of-the-balkans_Map-768x541.webp 768w, https:\/\/adventurealbania.com\/wp-content\/uploads\/2024\/08\/Peaks-of-the-balkans_Map.webp 1200w\" sizes=\"(max-width: 1024px) 100vw, 1024px\" \/><\/figure>\n\n\n\n<h3 class=\"wp-block-heading\" id=\"route\">Trasa<\/h3>\n\n\n\n<p>Trasa Szlaku Ba\u0142ka\u0144skiego nie jest pojedyncz\u0105 \u015bcie\u017ck\u0105, ale koncepcj\u0105, kt\u00f3ra \u0142\u0105czy <strong>trzy r\u00f3\u017cne kraje<\/strong> w ramach wsp\u00f3\u0142dzielonego <strong>region g\u00f3rski<\/strong>. W zale\u017cno\u015bci od osobistych preferencji mo\u017cna <strong>wyb\u00f3r pomi\u0119dzy niezliczonymi opcjami tras<\/strong>. Podczas gdy <strong>oryginalna trasa<\/strong> jest uwa\u017cany za <strong>najbardziej wydajny<\/strong> dla tych, kt\u00f3rzy decyduj\u0105 si\u0119 na niezale\u017cno\u015b\u0107, podr\u00f3\u017cuj\u0105c bez transportu i z namiotem. <\/p>\n\n\n\n<figure class=\"wp-block-image size-large\"><img decoding=\"async\" width=\"1024\" height=\"768\" src=\"https:\/\/adventurealbania.com\/wp-content\/uploads\/2024\/08\/Into-the-Albanian-Alps-1-15-1024x768.jpg\" alt=\"Widok na Alpy Alba\u0144skie \" class=\"wp-image-3438\" srcset=\"https:\/\/adventurealbania.com\/wp-content\/uploads\/2024\/08\/Into-the-Albanian-Alps-1-15-1024x768.jpg 1024w, https:\/\/adventurealbania.com\/wp-content\/uploads\/2024\/08\/Into-the-Albanian-Alps-1-15-300x225.jpg 300w, https:\/\/adventurealbania.com\/wp-content\/uploads\/2024\/08\/Into-the-Albanian-Alps-1-15-768x576.jpg 768w, https:\/\/adventurealbania.com\/wp-content\/uploads\/2024\/08\/Into-the-Albanian-Alps-1-15-1536x1152.jpg 1536w, https:\/\/adventurealbania.com\/wp-content\/uploads\/2024\/08\/Into-the-Albanian-Alps-1-15.jpg 2000w\" sizes=\"(max-width: 1024px) 100vw, 1024px\" \/><\/figure>\n\n\n\n<p>Jest to jednak <strong>niekoniecznie najpi\u0119kniejsza lub najlepsza opcja<\/strong>Wiele nieutwardzonych dr\u00f3g le\u015bnych zosta\u0142o w\u0142\u0105czonych jako rozwi\u0105zanie kompromisowe, gdy kraje domaga\u0142y si\u0119 r\u00f3wnych cz\u0119\u015bci trasy. Odcinki te mo\u017cna zast\u0105pi\u0107 bardziej malowniczymi szlakami pieszymi w <strong>dostosowane wycieczki<\/strong> i mo\u017cna j\u0105 pomin\u0105\u0107 lub skr\u00f3ci\u0107 kr\u00f3tkimi przesiadkami. Pozwala to na przyk\u0142ad wspi\u0105\u0107 si\u0119 na jeden z wielu szczyt\u00f3w na trasie lub w\u0142\u0105czy\u0107 objazd do niesamowitego<strong> Dolina Grbaja<\/strong> i interesuj\u0105cy region Kelmend.<\/p>\n\n\n\n<figure class=\"wp-block-image size-full\"><img decoding=\"async\" width=\"1024\" height=\"227\" src=\"https:\/\/adventurealbania.com\/wp-content\/uploads\/2024\/08\/Peaks-of-the-Balkans-in-Monetengro.webp\" alt=\"Szczyty Ba\u0142kan\u00f3w w Czarnog\u00f3rze\" class=\"wp-image-3418\" srcset=\"https:\/\/adventurealbania.com\/wp-content\/uploads\/2024\/08\/Peaks-of-the-Balkans-in-Monetengro.webp 1024w, https:\/\/adventurealbania.com\/wp-content\/uploads\/2024\/08\/Peaks-of-the-Balkans-in-Monetengro-300x67.webp 300w, https:\/\/adventurealbania.com\/wp-content\/uploads\/2024\/08\/Peaks-of-the-Balkans-in-Monetengro-768x170.webp 768w\" sizes=\"(max-width: 1024px) 100vw, 1024px\" \/><\/figure>\n\n\n\n<h3 class=\"wp-block-heading\" id=\"stages\">Etapy<\/h3>\n\n\n\n<p>Szczyty Ba\u0142kan\u00f3w to <strong>okr\u0119\u017cny szlak turystyczny<\/strong> - dzi\u0119ki czemu mo\u017cna wybiera\u0107 mi\u0119dzy r\u00f3\u017cnymi punktami startowymi w trzech krajach. Najpopularniejsze z nich to:<\/p>\n\n\n\n<ul class=\"wp-block-list\">\n<li>Shkoder (Albania)<\/li>\n\n\n\n<li>Peja (Kosowo)<\/li>\n\n\n\n<li>Plav (Czarnog\u00f3ra)<\/li>\n<\/ul>\n\n\n\n<p>Poni\u017csza tabela przedstawia zwyk\u0142e <strong>sekwencja etap\u00f3w z punktem pocz\u0105tkowym w Theth w pobli\u017cu <a href=\"https:\/\/adventurealbania.com\/pl\/shkoder-rzeczy-do-zrobienia\/\" data-type=\"post\" data-id=\"103\">Shkoder<\/a> w Albanii<\/strong>:<\/p>\n\n\n\n<figure class=\"wp-block-image size-full\"><img decoding=\"async\" width=\"1024\" height=\"768\" src=\"https:\/\/adventurealbania.com\/wp-content\/uploads\/2024\/08\/Shkoder-Albania-Street.jpg\" alt=\"Shkoder Albania Ulica z pi\u0119knymi fasadami \" class=\"wp-image-3439\" srcset=\"https:\/\/adventurealbania.com\/wp-content\/uploads\/2024\/08\/Shkoder-Albania-Street.jpg 1024w, https:\/\/adventurealbania.com\/wp-content\/uploads\/2024\/08\/Shkoder-Albania-Street-300x225.jpg 300w, https:\/\/adventurealbania.com\/wp-content\/uploads\/2024\/08\/Shkoder-Albania-Street-768x576.jpg 768w\" sizes=\"(max-width: 1024px) 100vw, 1024px\" \/><figcaption class=\"wp-element-caption\">Ulica dla pieszych w Shkoder w Albanii<\/figcaption><\/figure>\n\n\n\n<p>Klasyczna trasa podzielona jest na 10 etap\u00f3w:<\/p>\n\n\n\n<ul class=\"wp-block-list\">\n<li>Etap 1: Theth, Albania - Valbon\u0451, Albania<\/li>\n\n\n\n<li>Etap 2: Valbona, Albania - \u00c7erem, Albania<\/li>\n\n\n\n<li>Etap 3: \u00c7erem, Albania - Doberdol, Albania<\/li>\n\n\n\n<li>Etap 4: Doberdol, Albania - Milishevc, Kosowo<\/li>\n\n\n\n<li>Etap 5: Milishevc, Kosowo - Reka Allages, Kosowo<\/li>\n\n\n\n<li>Etap 6: Reka e Allag\u0451s - Pepaj - Drelaj - Dugaiv\u0451 - Kucisht\u0451, Kosowo<\/li>\n\n\n\n<li>Etap 7: Liquenat I Kucishtes, Kosowo - Babino Polje, Czarnog\u00f3ra<\/li>\n\n\n\n<li>Etap 8: Babino Polje, Czarnog\u00f3ra - jezioro Hrid - Plav, Czarnog\u00f3ra<\/li>\n\n\n\n<li>Etap 9: Plav, Czarnog\u00f3ra - Bor Peak - Vusanje, Czarnog\u00f3ra<\/li>\n\n\n\n<li>Etap 10: Vusanje (Vuthaj), Czarnog\u00f3ra - Theth, Albania<\/li>\n<\/ul>\n\n\n\n<h3 class=\"wp-block-heading\" id=\"elevation-profile\">Profil wysoko\u015bci<\/h3>\n\n\n\n<figure class=\"wp-block-image size-full\"><img decoding=\"async\" width=\"1024\" height=\"476\" src=\"https:\/\/adventurealbania.com\/wp-content\/uploads\/2024\/08\/Peaks-of-the-Balkans-Elevation-Profile.webp\" alt=\"Profil wysoko\u015bci szczyt\u00f3w Ba\u0142kan\u00f3w\" class=\"wp-image-3417\" srcset=\"https:\/\/adventurealbania.com\/wp-content\/uploads\/2024\/08\/Peaks-of-the-Balkans-Elevation-Profile.webp 1024w, https:\/\/adventurealbania.com\/wp-content\/uploads\/2024\/08\/Peaks-of-the-Balkans-Elevation-Profile-300x139.webp 300w, https:\/\/adventurealbania.com\/wp-content\/uploads\/2024\/08\/Peaks-of-the-Balkans-Elevation-Profile-768x357.webp 768w\" sizes=\"(max-width: 1024px) 100vw, 1024px\" \/><\/figure>\n\n\n\n<h3 class=\"wp-block-heading\" id=\"difficulty-and-safety\">Trudno\u015b\u0107 i bezpiecze\u0144stwo<\/h3>\n\n\n\n<p>Sam szlak nie jest zbyt techniczny i generalnie do\u015b\u0107 bezpieczny, oficjalna trasa i zmodyfikowane szlaki oferuj\u0105 wiele podjazd\u00f3w i zjazd\u00f3w, kt\u00f3re mog\u0105 okaza\u0107 si\u0119 przydatne. <strong>wymagaj\u0105cy<\/strong>. Aby przej\u015b\u0107 ca\u0142y szlak Peaks of the Balkans, nale\u017cy przygotowa\u0107 si\u0119 na kilka d\u0142ugich dni. <strong>skalisty teren<\/strong>. Dni z <strong>podjazdy na wysoko\u015b\u0107 1 200 metr\u00f3w<\/strong> a nast\u0119pnie <strong>zjazdy o d\u0142ugo\u015bci 1000 metr\u00f3w<\/strong> s\u0105 raczej powszechne ni\u017c wyj\u0105tkowe.<\/p>\n\n\n\n<figure class=\"wp-block-image size-large\"><img decoding=\"async\" width=\"1024\" height=\"768\" src=\"https:\/\/adventurealbania.com\/wp-content\/uploads\/2024\/08\/Vusanje-Theth-1-52-1024x768.jpg\" alt=\"Skalisty teren na szlaku\" class=\"wp-image-3440\" srcset=\"https:\/\/adventurealbania.com\/wp-content\/uploads\/2024\/08\/Vusanje-Theth-1-52-1024x768.jpg 1024w, https:\/\/adventurealbania.com\/wp-content\/uploads\/2024\/08\/Vusanje-Theth-1-52-300x225.jpg 300w, https:\/\/adventurealbania.com\/wp-content\/uploads\/2024\/08\/Vusanje-Theth-1-52-768x576.jpg 768w, https:\/\/adventurealbania.com\/wp-content\/uploads\/2024\/08\/Vusanje-Theth-1-52-1536x1152.jpg 1536w, https:\/\/adventurealbania.com\/wp-content\/uploads\/2024\/08\/Vusanje-Theth-1-52.jpg 2000w\" sizes=\"(max-width: 1024px) 100vw, 1024px\" \/><figcaption class=\"wp-element-caption\">Skalisty teren na szlaku<\/figcaption><\/figure>\n\n\n\n<p>Oznacza to, \u017ce mo\u017cesz zdoby\u0107 szczyt w ci\u0105gu jednego dnia, a nast\u0119pnie zej\u015b\u0107 z powrotem do dolin, aby sp\u0119dzi\u0107 noc. W ten spos\u00f3b pokonasz \u0142\u0105cznie wi\u0119cej metr\u00f3w wysoko\u015bci ni\u017c podczas typowej w\u0119dr\u00f3wki himalajskiej lub wej\u015bcia na szczyt Kilimand\u017caro. Jednak w przeciwie\u0144stwie do wy\u017cej wymienionych wycieczek, nie osi\u0105gniesz \u017cadnych wysoko\u015bci z niedoborem tlenu. Najwy\u017cszy punkt w\u0119dr\u00f3wki to 2750 m.<\/p>\n\n\n\n<h3 class=\"wp-block-heading\" id=\"peaks-of-the-balkans-best-time-to-hike\">Szczyty Ba\u0142kan\u00f3w - najlepszy czas na w\u0119dr\u00f3wk\u0119<\/h3>\n\n\n\n<p>The <strong>Najlepszy czas na w\u0119dr\u00f3wk\u0119 Szlakiem Ba\u0142ka\u0144skim<\/strong> jest <strong>od po\u0142owy czerwca do po\u0142owy pa\u017adziernika<\/strong>. Chocia\u017c mo\u017cna tu r\u00f3wnie\u017c w\u0119drowa\u0107 poza tym okresem, nale\u017cy by\u0107 przygotowanym na du\u017co \u015bniegu i prawdopodobnie zamkni\u0119te zakwaterowanie. Wraz ze zbli\u017caj\u0105c\u0105 si\u0119 jesieni\u0105 temperatury w G\u00f3rach Ba\u0142ka\u0144skich zaczynaj\u0105 spada\u0107 i pojawiaj\u0105 si\u0119 d\u0142u\u017csze okresy deszczu. Pogoda jest najbardziej stabilna od lipca do ko\u0144ca wrze\u015bnia. Niemniej jednak, zawsze nale\u017cy ponownie sprawdzi\u0107 pogod\u0119 przed ka\u017cd\u0105 wycieczk\u0105 piesz\u0105 i mie\u0107 ze sob\u0105 odzie\u017c i sprz\u0119t na wszelki wypadek.<\/p>\n\n\n\n<h3 class=\"wp-block-heading\" id=\"arrival\">Przybycie<\/h3>\n\n\n\n<p>Poniewa\u017c w\u0119dr\u00f3wka odbywa si\u0119 okr\u0119\u017cn\u0105 tras\u0105, mo\u017cna j\u0105 rozpocz\u0105\u0107 i zako\u0144czy\u0107 w r\u00f3\u017cnych punktach. S\u0105 one do\u015b\u0107 \u0142atwo dost\u0119pne z lotnisk w <strong>Tirana, Podgorica i Prisztina<\/strong>.<\/p>\n\n\n\n<ul class=\"wp-block-list\">\n<li><strong>Shkoder (Albania)<\/strong> jest najcz\u0119stszym i najpopularniejszym punktem startowym w\u0119dr\u00f3wek po Szlaku Szczyt\u00f3w Ba\u0142ka\u0144skich. St\u0105d mo\u017cna \u0142atwo dotrze\u0107 do punkt\u00f3w startowych w\u0119dr\u00f3wek w Theth (3 godziny jazdy samochodem) lub Valbona (promem Koman). Lotniska w Tiranie i Podgoricy s\u0105 dobrymi punktami startowymi. Tirana - Shkoder to oko\u0142o 80 minut jazdy samochodem. Podgorica - Shkoder to oko\u0142o 75 minut jazdy, ale ma mniej po\u0142\u0105cze\u0144<\/li>\n\n\n\n<li><strong>Peja (Kosowo)<\/strong> s\u0142u\u017cy r\u00f3wnie\u017c jako punkt wyj\u015bcia dla w\u0119dr\u00f3wek, kt\u00f3re rozpoczynaj\u0105 si\u0119 w w\u0105wozie Rugova. St\u0105d jest tylko 45 minut jazdy samochodem do wioski Reka e Allages, sk\u0105d rozpoczynaj\u0105 si\u0119 w\u0119dr\u00f3wki. Lotnisko w Prisztinie oferuje regularne loty z miast europejskich i znajduje si\u0119 w pobli\u017cu punktu startowego. Prisztina - Peja to 90 minut jazdy samochodem<\/li>\n\n\n\n<li><strong>Plav (Czarnog\u00f3ra)<\/strong> mo\u017ce by\u0107 r\u00f3wnie\u017c u\u017cywany jako punkt startowy. Podgorica - Plav to 3-4 godziny jazdy samochodem<\/li>\n<\/ul>\n\n\n\n<p>Opr\u00f3cz wspomnianych wy\u017cej lotnisk przesiadkowych w Tiranie, Podgoricy i Prisztinie, mo\u017cna r\u00f3wnie\u017c rozwa\u017cy\u0107 skorzystanie z lotnisk w Tivacie (Czarnog\u00f3ra), Dubrowniku (Chorwacja) lub Korfu (Grecja). Po\u0142\u0105czenia te s\u0105 cz\u0119sto ta\u0144sze, ale wymagaj\u0105 znacznie d\u0142u\u017cszej podr\u00f3\u017cy do punktu pocz\u0105tkowego w\u0119dr\u00f3wki.<\/p>\n\n\n<div class=\"section-wrap mt-3 mb-3 bg-light p-3\">\n    <div class=\"row\">\n                    <div class=\"col-lg-12\">\n                <div class=\"section-title text-center\">\n                    <h3 class=\"p-2 fw-bold\">Peaks of the Balkans Self-guided<\/h3>\n                <\/div>\n            <\/div>\n                    <div class=\"col-lg-4 col-md-6 wow fadeInUp mb-3\">\n\t\t\t\t<a href=\"https:\/\/www.abenteueralbanien.de\/peaks-of-the-balkans-5-10-days\/\" target=\"_blank\" rel=\"noopener\">\n\t\t\t\t\t<div class=\"blog-grid border-radius-10 style-2\">\n\t\t\t\t\t\t<div class=\"img-price position-relative\">\n\t\t\t\t\t\t\t\t\t\t\t\t\t\t\t<img decoding=\"async\" src=\"https:\/\/adventurealbania.com\/wp-content\/uploads\/2025\/02\/Peaks-of-the-Balkans-7-Days-Self-Guided-Hiking-Tour.jpg\" class=\"border-radius-10\">\n\t\t\t\t\t\t\t\t\t\t\t\t\t\t\t<span>od 615<\/span>\n\t\t\t\t\t\t\t\t\t\t\t\t\t<\/div>\n\n\t\t\t\t\t\t<div class=\"blog-info\">\n\t\t\t\t\t\t\t\t\t\t\t\t\t\t\t<span  class=\"fw-bold\">7 dni Peaks of the Balkans<\/span>\n\t\t\t\t\t\t\t\t\t\t\t\t\t\t\t<p class=\"text-dark line-clamp-4\">Kr\u00f3tka wersja szlaku bez Kosowa, ale obejmuj\u0105ca s\u0142ynn\u0105 w\u0119dr\u00f3wk\u0119 Theth - Valbone, jezioro Hrid na wysoko\u015bci 2000 m i wiosk\u0119 pastersk\u0105 Doberdol.<\/p>\n\t\t\t\t\t\t\t\t\t\t\t\t\t\t\t<ul>\n\t\t\t\t\t\t\t\t\t\t\t\t\t\t\t\t\t\t\t<li><i class=\"fa fa-star\"><\/i><\/li>\n\t\t\t\t\t\t\t\t\t\t\t\t\t\t\t\t\t\t\t<li><i class=\"fa fa-star\"><\/i><\/li>\n\t\t\t\t\t\t\t\t\t\t\t\t\t\t\t\t\t\t\t<li><i class=\"fa fa-star\"><\/i><\/li>\n\t\t\t\t\t\t\t\t\t\t\t\t\t\t\t\t\t\t\t<li><i class=\"fa fa-star\"><\/i><\/li>\n\t\t\t\t\t\t\t\t\t\t\t\t\t\t\t\t\t\t\t<li><i class=\"fa fa-star\"><\/i><\/li>\n\t\t\t\t\t\t\t\t\t\t\t\t\t\t\t\t\t\t<li>(5\/5)<\/li>\n\t\t\t\t\t\t\t\t<\/ul>\n\t\t\t\t\t\t\t\t\t\t\t\t\t\t\t<span>7 dni<\/span>\n\t\t\t\t\t\t\t\t\t\t\t\t\t<\/div>\n\t\t\t\t\t<\/div>\n\t\t\t\t<\/a>\n            <\/div>\n                    <div class=\"col-lg-4 col-md-6 wow fadeInUp mb-3\">\n\t\t\t\t<a href=\"https:\/\/www.abenteueralbanien.de\/peaks-of-the-balkans-5-10-days\/\" target=\"_blank\" rel=\"noopener\">\n\t\t\t\t\t<div class=\"blog-grid border-radius-10 style-2\">\n\t\t\t\t\t\t<div class=\"img-price position-relative\">\n\t\t\t\t\t\t\t\t\t\t\t\t\t\t\t<img decoding=\"async\" src=\"https:\/\/adventurealbania.com\/wp-content\/uploads\/2025\/02\/Peaks-of-the-Balkans-Self_guided-7-to-10-Days.webp\" class=\"border-radius-10\">\n\t\t\t\t\t\t\t\t\t\t\t\t\t\t\t<span>od 765<\/span>\n\t\t\t\t\t\t\t\t\t\t\t\t\t<\/div>\n\n\t\t\t\t\t\t<div class=\"blog-info\">\n\t\t\t\t\t\t\t\t\t\t\t\t\t\t\t<span  class=\"fw-bold\">10-dniowe szczyty Ba\u0142kan\u00f3w<\/span>\n\t\t\t\t\t\t\t\t\t\t\t\t\t\t\t<p class=\"text-dark line-clamp-4\">10-dniowy Peaks of the Balkans przez wszystkie 3 kraje - Albani\u0119, Kosowo i Czarnog\u00f3r\u0119, w tym szczyt Gjeravica i szczyt Taljanka w dolinie Grebaje.<\/p>\n\t\t\t\t\t\t\t\t\t\t\t\t\t\t\t<ul>\n\t\t\t\t\t\t\t\t\t\t\t\t\t\t\t\t\t\t\t<li><i class=\"fa fa-star\"><\/i><\/li>\n\t\t\t\t\t\t\t\t\t\t\t\t\t\t\t\t\t\t\t<li><i class=\"fa fa-star\"><\/i><\/li>\n\t\t\t\t\t\t\t\t\t\t\t\t\t\t\t\t\t\t\t<li><i class=\"fa fa-star\"><\/i><\/li>\n\t\t\t\t\t\t\t\t\t\t\t\t\t\t\t\t\t\t\t<li><i class=\"fa fa-star\"><\/i><\/li>\n\t\t\t\t\t\t\t\t\t\t\t\t\t\t\t\t\t\t\t<li><i class=\"fa fa-star\"><\/i><\/li>\n\t\t\t\t\t\t\t\t\t\t\t\t\t\t\t\t\t\t<li>(5\/5)<\/li>\n\t\t\t\t\t\t\t\t<\/ul>\n\t\t\t\t\t\t\t\t\t\t\t\t\t\t\t<span>10 dni<\/span>\n\t\t\t\t\t\t\t\t\t\t\t\t\t<\/div>\n\t\t\t\t\t<\/div>\n\t\t\t\t<\/a>\n            <\/div>\n                    <div class=\"col-lg-4 col-md-6 wow fadeInUp mb-3\">\n\t\t\t\t<a href=\"https:\/\/www.abenteueralbanien.de\/peaks-of-the-balkans-5-10-days\/\" target=\"_blank\" rel=\"noopener\">\n\t\t\t\t\t<div class=\"blog-grid border-radius-10 style-2\">\n\t\t\t\t\t\t<div class=\"img-price position-relative\">\n\t\t\t\t\t\t\t\t\t\t\t\t\t\t\t<img decoding=\"async\" src=\"https:\/\/adventurealbania.com\/wp-content\/uploads\/2025\/02\/Peaks-of-the-Balkans-11-Days-Self-Guided-Hiking-Tour.jpg\" class=\"border-radius-10\">\n\t\t\t\t\t\t\t\t\t\t\t\t\t\t\t<span>od 890<\/span>\n\t\t\t\t\t\t\t\t\t\t\t\t\t<\/div>\n\n\t\t\t\t\t\t<div class=\"blog-info\">\n\t\t\t\t\t\t\t\t\t\t\t\t\t\t\t<span  class=\"fw-bold\">11 dni Peaks of the Balkans<\/span>\n\t\t\t\t\t\t\t\t\t\t\t\t\t\t\t<p class=\"text-dark line-clamp-4\">Opcja 11-dniowa obejmuj\u0105ca nocleg w wiosce pasterskiej Doberdol (Albania), przepraw\u0119 promow\u0105 przez jezioro Koman i dolin\u0119 Grebaja (Czarnog\u00f3ra).<\/p>\n\t\t\t\t\t\t\t\t\t\t\t\t\t\t\t<ul>\n\t\t\t\t\t\t\t\t\t\t\t\t\t\t\t\t\t\t\t<li><i class=\"fa fa-star\"><\/i><\/li>\n\t\t\t\t\t\t\t\t\t\t\t\t\t\t\t\t\t\t\t<li><i class=\"fa fa-star\"><\/i><\/li>\n\t\t\t\t\t\t\t\t\t\t\t\t\t\t\t\t\t\t\t<li><i class=\"fa fa-star\"><\/i><\/li>\n\t\t\t\t\t\t\t\t\t\t\t\t\t\t\t\t\t\t\t<li><i class=\"fa fa-star\"><\/i><\/li>\n\t\t\t\t\t\t\t\t\t\t\t\t\t\t\t\t\t\t\t<li><i class=\"fa fa-star\"><\/i><\/li>\n\t\t\t\t\t\t\t\t\t\t\t\t\t\t\t\t\t\t<li>(5\/5)<\/li>\n\t\t\t\t\t\t\t\t<\/ul>\n\t\t\t\t\t\t\t\t\t\t\t\t\t\t\t<span>11 dni<\/span>\n\t\t\t\t\t\t\t\t\t\t\t\t\t<\/div>\n\t\t\t\t\t<\/div>\n\t\t\t\t<\/a>\n            <\/div>\n            <\/div>\n<\/div>\n\n\n\n<h3 class=\"wp-block-heading\" id=\"accommodation-on-the-trail-where-to-stay\">Zakwaterowanie na szlaku - gdzie si\u0119 zatrzyma\u0107?<\/h3>\n\n\n\n<p><strong>Szczyty Ba\u0142kan\u00f3w Pensjonaty<\/strong><\/p>\n\n\n\n<p>Na trasie Peaks of the Balkans mo\u017cna zatrzyma\u0107 si\u0119 w pensjonatach, schroniskach i namiotach. W alba\u0144skiej cz\u0119\u015bci szlaku cz\u0119sto mo\u017cna znale\u017a\u0107 rodzinne pensjonaty, w Czarnog\u00f3rze raczej ma\u0142e hotele, a w Kosowie mieszank\u0119 obu. <\/p>\n\n\n\n<p>Standardy wahaj\u0105 si\u0119 od rustykalnych i prostych chat ze wsp\u00f3lnymi pokojami, bez elektryczno\u015bci i prysznic\u00f3w na wy\u017cszych obszarach, po profesjonalne zakwaterowanie z dwuosobowymi pokojami i prywatnymi \u0142azienkami w <strong>Theth<\/strong> oraz <strong>Valbona<\/strong>. W\u0142asny \u015bpiw\u00f3r powinien zatem zawsze stanowi\u0107 cz\u0119\u015b\u0107 wyposa\u017cenia. Zakwaterowanie rzadko mo\u017cna zarezerwowa\u0107 online z wyprzedzeniem. Je\u015bli to zrobisz, powiniene\u015b spodziewa\u0107 si\u0119, \u017ce spotkasz tam innych obcokrajowc\u00f3w.<\/p>\n\n\n\n<figure class=\"wp-block-image size-large\"><img decoding=\"async\" width=\"1024\" height=\"693\" src=\"https:\/\/adventurealbania.com\/wp-content\/uploads\/2024\/08\/Guest-House_Peaks-of-the-Balkans-Trail-1024x693.png\" alt=\"Guest House_Peaks of the Balkans Trail\" class=\"wp-image-3446\" srcset=\"https:\/\/adventurealbania.com\/wp-content\/uploads\/2024\/08\/Guest-House_Peaks-of-the-Balkans-Trail-1024x693.png 1024w, https:\/\/adventurealbania.com\/wp-content\/uploads\/2024\/08\/Guest-House_Peaks-of-the-Balkans-Trail-300x203.png 300w, https:\/\/adventurealbania.com\/wp-content\/uploads\/2024\/08\/Guest-House_Peaks-of-the-Balkans-Trail-768x520.png 768w, https:\/\/adventurealbania.com\/wp-content\/uploads\/2024\/08\/Guest-House_Peaks-of-the-Balkans-Trail.png 1193w\" sizes=\"(max-width: 1024px) 100vw, 1024px\" \/><\/figure>\n\n\n\n<p>Nale\u017cy uwa\u017ca\u0107 na w\u0105skie gard\u0142a na trasie. Czasami dost\u0119pny jest tylko jeden domek, kt\u00f3ry mo\u017ce szybko zosta\u0107 w pe\u0142ni zarezerwowany przez wi\u0119ksz\u0105 grup\u0119. W niekt\u00f3rych miejscach, cho\u0107 zaznaczonych na mapie, zakwaterowanie jest dost\u0119pne tylko na \u017cyczenie lub dla grup. Dzi\u0119ki go\u015bcinno\u015bci miejscowych, dw\u00f3ch w\u0119drowc\u00f3w zawsze znajdzie nocleg, ale grupy powinny skontaktowa\u0107 si\u0119 z agencj\u0105.<\/p>\n\n\n\n<p><strong>Kemping<\/strong><\/p>\n\n\n\n<p>W prawie ka\u017cdym pensjonacie mo\u017cna rozbi\u0107 namiot na zewn\u0105trz za niewielk\u0105 op\u0142at\u0105 i mie\u0107 dost\u0119p do prysznic\u00f3w, Wi-Fi i innych udogodnie\u0144. Kempingowicze maj\u0105 mo\u017cliwo\u015b\u0107 zakupu posi\u0142k\u00f3w w pensjonacie lub samodzielnego ich przyrz\u0105dzania. Opr\u00f3cz pensjonat\u00f3w istnieje r\u00f3wnie\u017c kilka kemping\u00f3w w Plav, Theth i Valbona.<\/p>\n\n\n\n<figure class=\"wp-block-image size-full\"><img decoding=\"async\" width=\"1000\" height=\"667\" src=\"https:\/\/adventurealbania.com\/wp-content\/uploads\/2024\/08\/Camping-holidays-in-Albania.jpg\" alt=\"Wakacje na kempingu w Albanii\" class=\"wp-image-3281\" srcset=\"https:\/\/adventurealbania.com\/wp-content\/uploads\/2024\/08\/Camping-holidays-in-Albania.jpg 1000w, https:\/\/adventurealbania.com\/wp-content\/uploads\/2024\/08\/Camping-holidays-in-Albania-300x200.jpg 300w, https:\/\/adventurealbania.com\/wp-content\/uploads\/2024\/08\/Camping-holidays-in-Albania-768x512.jpg 768w\" sizes=\"(max-width: 1000px) 100vw, 1000px\" \/><\/figure>\n\n\n\n<p>Dla tych, kt\u00f3rzy podr\u00f3\u017cuj\u0105 nieco bardziej poza utartymi szlakami, istnieje r\u00f3wnie\u017c opcja dzikiego biwakowania wzd\u0142u\u017c Szlaku Szczyt\u00f3w Ba\u0142ka\u0144skich. Przydatne jest posiadanie dobrej mapy i pewnej elastyczno\u015bci, aby znale\u017a\u0107 odpowiedni kemping ka\u017cdej nocy.<\/p>\n\n\n\n<p>Konieczne b\u0119dzie r\u00f3wnie\u017c zabranie ze sob\u0105 du\u017cej ilo\u015bci jedzenia i wody, poniewa\u017c w wi\u0119kszo\u015bci miejsc na szlaku nie znajdziesz ich zbyt wiele. Wreszcie, nale\u017cy pami\u0119ta\u0107, \u017ce biwakowanie (przynajmniej technicznie) nie jest dozwolone w \u017cadnym parku narodowym ani rezerwacie przyrody.<\/p>\n\n\n\n<p><strong>J\u0119zyk<\/strong><\/p>\n\n\n\n<p>Angielski nie jest powszechnie u\u017cywany, ale to si\u0119 ci\u0105gle zmienia. Cz\u0119sto mo\u017cna u\u017cywa\u0107 niemieckiego w rozmowach z emigrantami w Kosowie, a tak\u017ce w Czarnog\u00f3rze. B\u0105d\u017a wi\u0119c przygotowany na komunikacj\u0119 r\u0119kami i nogami, a najlepiej miej przy sobie s\u0142ownik. Ale nie martw si\u0119, b\u0119dziesz ciep\u0142o witany przez rodzin\u0119 w pensjonatach na ca\u0142ej trasie, wi\u0119c b\u0119dziesz mia\u0142 wyj\u0105tkowe spotkania opr\u00f3cz wspania\u0142ych g\u00f3rskich krajobraz\u00f3w.<\/p>\n\n\n\n<h2 class=\"wp-block-heading\" id=\"planning-your-hike\">Planowanie w\u0119dr\u00f3wki<\/h2>\n\n\n\n<h3 class=\"wp-block-heading\" id=\"with-or-without-a-guide\">Z przewodnikiem lub bez<\/h3>\n\n\n\n<p>Je\u015bli planujesz transgraniczne wielodniowe w\u0119dr\u00f3wki po odleg\u0142ych, wymagaj\u0105cych odcinkach szlaku, zalecamy wynaj\u0119cie przewodnika trekkingowego. Wiele szlak\u00f3w Peaks of the Balkans, zw\u0142aszcza w Kosowie i Czarnog\u00f3rze, jest nadal bardzo s\u0142abo oznakowanych. Lokalni przewodnicy g\u00f3rscy pomog\u0105 ci przej\u015b\u0107 przez s\u0142abo oznakowane prze\u0142\u0119cze, lasy i odleg\u0142e granice - i znale\u017a\u0107 pensjonaty pod koniec dnia. <\/p>\n\n\n\n<p>Ostatecznie jednak nie jest to tylko kwestia bezpiecze\u0144stwa, ale tak\u017ce kwestia tego, czy naprawd\u0119 chcesz na sta\u0142e skoncentrowa\u0107 si\u0119 na znalezieniu (w\u0142a\u015bciwej) drogi, zamiast po prostu cieszy\u0107 si\u0119 tras\u0105. Opr\u00f3cz pomocy organizacyjnej, lokalni przewodnicy zapewniaj\u0105 r\u00f3wnie\u017c dog\u0142\u0119bny wgl\u0105d w kontekst przyrodniczy, kulturowy i historyczny, aby lepiej zrozumie\u0107 region. Zapewniaj\u0105 r\u00f3wnie\u017c dost\u0119p (jako t\u0142umacze) do rozm\u00f3w z pasterzami i lokalnymi rodzinami napotkanymi po drodze.<\/p>\n\n\n\n<p><strong>Przewodnik turystyczny po szczytach Ba\u0142kan\u00f3w<\/strong><\/p>\n\n\n\n<p>Je\u015bli chcesz, zabierz ze sob\u0105 papierow\u0105 map\u0119, <a href=\"https:\/\/amzn.to\/45f2EqL\" target=\"_blank\" rel=\"noopener\">ta opcja od Huber Kartographie<\/a> jest prawdopodobnie najlepszym wyborem. Mapa ta jest jednak nieaktualna i zawiera znacz\u0105ce nie\u015bcis\u0142o\u015bci w niekt\u00f3rych cz\u0119\u015bciach trasy. Dobrym pomys\u0142em jest zabranie innego urz\u0105dzenia nawigacyjnego, takiego jak aplikacja GPS i\/lub przewodnik, jako kopii zapasowej.<\/p>\n\n\n\n<p>Polecamy aplikacj\u0119 Gaia GPS do nawigacji na szlaku Peaks of the Balkans Trail. Gaia umo\u017cliwia pobieranie map do u\u017cytku offline i ma wiele warstw, kt\u00f3re dostarczaj\u0105 pomocnych informacji. Skorzystaj z tego linku, aby uzyska\u0107 zni\u017ck\u0119 na subskrypcj\u0119 20%.<\/p>\n\n\n\n<p>Jako przewodnik polecamy <a href=\"https:\/\/amzn.to\/3DRKNKB\" target=\"_blank\" rel=\"noopener\">Cicerone's Trekking the Peaks of the Balkans Trail<\/a>. Chocia\u017c niekt\u00f3re rzeczy zmieni\u0142y si\u0119 od czasu jego publikacji w 2018 roku, nadal jest to niezwykle pomocne i pouczaj\u0105ce \u017ar\u00f3d\u0142o informacji.<\/p>\n\n\n\n<h3 class=\"wp-block-heading\" id=\"visa-border-crossing-permits\">Wiza: Zezwolenia na przekraczanie granicy<\/h3>\n\n\n\n<p>Do przejazdu przez 3 kraje potrzebne s\u0105 zezwolenia na przekraczanie granic. Wniosek wymaga podania danych osobowych, w zale\u017cno\u015bci od kraju skanu paszportu\/dowodu osobistego, a w Czarnog\u00f3rze od 2014 r. tak\u017ce uiszczenia op\u0142aty. Po uiszczeniu op\u0142aty w lokalnym banku lub na poczcie w Czarnog\u00f3rze, zezwolenie mo\u017cna odebra\u0107 na posterunku policji granicznej poza Plavem wraz z dowodem wp\u0142aty. W Albanii i Kosowie zezwolenie jest wydawane elektronicznie i bezp\u0142atnie.<\/p>\n\n\n\n<figure class=\"wp-block-image size-large\"><img decoding=\"async\" width=\"768\" height=\"1024\" src=\"https:\/\/adventurealbania.com\/wp-content\/uploads\/2024\/08\/Border-Crossing-Stone-768x1024.jpg\" alt=\"Przej\u015bcie graniczne Stone Balkan Trek\" class=\"wp-image-3445\" srcset=\"https:\/\/adventurealbania.com\/wp-content\/uploads\/2024\/08\/Border-Crossing-Stone-768x1024.jpg 768w, https:\/\/adventurealbania.com\/wp-content\/uploads\/2024\/08\/Border-Crossing-Stone-225x300.jpg 225w, https:\/\/adventurealbania.com\/wp-content\/uploads\/2024\/08\/Border-Crossing-Stone-1152x1536.jpg 1152w, https:\/\/adventurealbania.com\/wp-content\/uploads\/2024\/08\/Border-Crossing-Stone.jpg 1500w\" sizes=\"(max-width: 768px) 100vw, 768px\" \/><\/figure>\n\n\n\n<p>Niestety, sytuacja jest nieco trudna, poniewa\u017c policja cz\u0119sto nie reaguje na czas, nie m\u00f3wi po angielsku, a uiszczenie op\u0142aty zale\u017cy od godzin otwarcia instytucji. Ze wzgl\u0119du na charakter szlak\u00f3w, tury\u015bci przybywaj\u0105 po godzinach zamkni\u0119cia i zazwyczaj opuszczaj\u0105 je przed ponownym otwarciem. Kolejn\u0105 irytacj\u0105 jest konieczno\u015b\u0107 okre\u015blenia dok\u0142adnej daty, a nawet godziny, co jest bardzo trudne do zaplanowania z wyprzedzeniem ze wzgl\u0119du na nieprzewidywaln\u0105 pogod\u0119, zgubienie si\u0119 na trasie lub spontaniczne dodanie dodatkowych dni w pi\u0119knym miejscu.<\/p>\n\n\n\n<p><strong>Wskaz\u00f3wka:<\/strong> Wniosek nale\u017cy z\u0142o\u017cy\u0107 z co najmniej dwutygodniowym wyprzedzeniem, korzystaj\u0105c z formularzy dostarczonych przez ka\u017cdy kraj. Konieczne jest okre\u015blenie miejsca, daty i godziny przekroczenia granicy. Trzy <a href=\"https:\/\/www.abenteueralbanien.de\/border-crossing-permits-peaks-of-the-balkans\/\" target=\"_blank\" rel=\"noopener\">zezwolenia<\/a> s\u0105 wymagane dla ca\u0142ej trasy, z kt\u00f3rych ka\u017cdy nale\u017cy uzyska\u0107 od policji granicznej kraju wyje\u017cd\u017caj\u0105cego. Na przyk\u0142ad, przekraczaj\u0105c granic\u0119 z Vusanje (Czarnog\u00f3ra) do Theth (Albania), nale\u017cy wype\u0142ni\u0107 rozk\u0142ad jazdy, dolin\u0119 Ropojana jako lokalizacj\u0119 i wys\u0142a\u0107 dokumenty na policj\u0119 w Berane. The <a href=\"https:\/\/www.abenteueralbanien.de\/border-crossing-permits-peaks-of-the-balkans\/\" target=\"_blank\" rel=\"noopener\">zezwolenie<\/a> mo\u017cna nast\u0119pnie odebra\u0107 z posterunku policji poza Plavem po uiszczeniu op\u0142aty.<\/p>\n\n\n\n<h3 class=\"wp-block-heading\" id=\"packing-list-what-to-bring\">Lista rzeczy do spakowania - co zabra\u0107<\/h3>\n\n\n\n<p>Jak by\u0107 mo\u017ce ju\u017c wiesz, jestem zwolennikiem lekkiego podr\u00f3\u017cowania i rzeczywi\u015bcie pakowanie si\u0119 na tak\u0105 wycieczk\u0119 jest wyj\u0105tkow\u0105 form\u0105 sztuki. Oto kilka wskaz\u00f3wek dotycz\u0105cych pakowania na nadchodz\u0105c\u0105 podr\u00f3\u017c:<\/p>\n\n\n\n<ul class=\"wp-block-list\">\n<li>Dobre buty do chodzenia. Wygodne buty s\u0105 niezb\u0119dne - \u015bwietne s\u0105 <a href=\"https:\/\/amzn.to\/3OAOPxh\" target=\"_blank\" rel=\"noopener\">te buty<\/a> dla kobiet, natomiast dla m\u0119\u017cczyzn polecam <a href=\"https:\/\/amzn.to\/3rMzq41\" target=\"_blank\" rel=\"noopener\">te buty<\/a>.<\/li>\n\n\n\n<li>Oddychaj\u0105ce koszulki: Poniewa\u017c mo\u017ce by\u0107 bardzo gor\u0105co, nale\u017cy spakowa\u0107 kilka <a href=\"https:\/\/amzn.to\/3Oh5Qev\" target=\"_blank\" rel=\"noopener\">oddychaj\u0105ce koszulki<\/a> na przygody na \u015bwie\u017cym powietrzu.<\/li>\n\n\n\n<li>Spodenki\/jeansy: Podczas podr\u00f3\u017cy prawdopodobnie b\u0119dziesz musia\u0142 du\u017co chodzi\u0107. Dlatego zalecam spakowanie pary <a href=\"https:\/\/amzn.to\/475P4rk\" target=\"_blank\" rel=\"noopener\">oddychaj\u0105ce szorty<\/a> i par\u0119 d\u017cins\u00f3w Levi's na ch\u0142odniejsze dni. Dla kobiet, <a href=\"https:\/\/amzn.to\/3OflZkQ\" target=\"_blank\" rel=\"noopener\">legginsy<\/a> nadaj\u0105 si\u0119 zar\u00f3wno do gor\u0105cych, jak i zimnych temperatur, wi\u0119c warto je r\u00f3wnie\u017c spakowa\u0107.<\/li>\n\n\n\n<li>Kurtka polarowa: W ch\u0142odniejsze dni kluczowe znaczenie ma wielowarstwowo\u015b\u0107. Kurtka polarowa to doskona\u0142a warstwa izolacyjna. Polecam <a href=\"https:\/\/amzn.to\/43SjOJs\" target=\"_blank\" rel=\"noopener\">Columbia Steens Mountain Fleece<\/a> (<a href=\"https:\/\/amzn.to\/47aSlFV\" target=\"_blank\" rel=\"noopener\">dla kobiet<\/a>).<\/li>\n\n\n\n<li>Kurtka zewn\u0119trzna: Kurtka zewn\u0119trzna jest idealna na wietrzne lub deszczowe warunki. Polecam <a href=\"https:\/\/amzn.to\/3OfmXO0\" target=\"_blank\" rel=\"noopener\">Kurtka wodoszczelna Columbia<\/a> (<a href=\"https:\/\/amzn.to\/3rIwsgP\" target=\"_blank\" rel=\"noopener\">dla kobiet<\/a>). Jest lekki, oddychaj\u0105cy, a nawet dost\u0119pny w ch\u0142odnym pomara\u0144czowym kolorze.<\/li>\n\n\n\n<li>R\u0119cznik z mikrofibry: A <a href=\"https:\/\/amzn.to\/3QlDN05\" target=\"_blank\" rel=\"noopener\">r\u0119cznik z mikrofibry<\/a> to idealny r\u0119cznik dla os\u00f3b podr\u00f3\u017cuj\u0105cych z plecakiem, poniewa\u017c jest lekki, szybko schnie i mo\u017cna go skompresowa\u0107.<\/li>\n\n\n\n<li>Kijki turystyczne: Lekkie kijki do chodzenia zapewniaj\u0105 wsparcie podczas chodzenia po nier\u00f3wnym terenie. Zapewniaj\u0105 zr\u00f3wnowa\u017cony ruch n\u00f3g i ramion. Kije <a href=\"https:\/\/amzn.to\/47kvojG\" target=\"_blank\" rel=\"noopener\">Black Diamond ALPINE CARBON CORK POLES<\/a> s\u0105 dobrym rozwi\u0105zaniem.<\/li>\n\n\n\n<li>Aparat fotograficzny: Powiniene\u015b tak\u017ce spakowa\u0107 dobry aparat fotograficzny na swoj\u0105 podr\u00f3\u017c, aby\u015b m\u00f3g\u0142 uchwyci\u0107 wszystkie wspania\u0142e do\u015bwiadczenia, kt\u00f3rych do\u015bwiadczysz. Polecam <a href=\"https:\/\/amzn.to\/47g8pWM\" target=\"_blank\" rel=\"noopener\">Kamera Sony a7R V<\/a> wraz z <a href=\"https:\/\/amzn.to\/3Og38WO\" target=\"_blank\" rel=\"noopener\">Obiektyw Sony 24-70mm f2.8 GM II<\/a>Prawdopodobnie najpot\u0119\u017cniejszy zestaw kamery i obiektywu, jaki mo\u017cna obecnie uzyska\u0107. The <a href=\"https:\/\/amzn.to\/3OL33vr\" target=\"_blank\" rel=\"noopener\">Bezlusterkowy aparat cyfrowy Sony Alpha a6000<\/a> jest nieco bardziej kompaktowy i \u0142atwiejszy w transporcie oraz zapewnia bardzo dobry obraz.<\/li>\n\n\n\n<li>Power bank: Z <a href=\"https:\/\/amzn.to\/45dD3OZ\" target=\"_blank\" rel=\"noopener\">Power bank 20 000+ mAh<\/a>umo\u017cliwia \u0142adowanie urz\u0105dze\u0144 elektronicznych w podr\u00f3\u017cy.<\/li>\n\n\n\n<li>Butelka na wod\u0119: The <a href=\"https:\/\/amzn.to\/44RYDIY\" target=\"_blank\" rel=\"noopener\">Butelka na wod\u0119 Hydro Flask Trail<\/a> to \u015bwietna izolowana butelka na wod\u0119, kt\u00f3r\u0105 mo\u017cna zabra\u0107 ze sob\u0105 do miasta lub na szlaki turystyczne. Jest lekka i mo\u017ce utrzymywa\u0107 zimn\u0105 lub ciep\u0142\u0105 wod\u0119 przez ponad 12 godzin. To naprawd\u0119 wszechstronny produkt. Jako podstawowa wersja <a href=\"https:\/\/amzn.to\/3KKtgIm\" target=\"_blank\" rel=\"noopener\">Aluminiowa butelka do picia Laken Futura<\/a> dzia\u0142a dobrze.<\/li>\n\n\n\n<li>Filtr do uzdatniania wody: Zalecamy. <a href=\"https:\/\/amzn.to\/45g8YOx\" target=\"_blank\" rel=\"noopener\">Filtr do wody SAWYER PRODUCTS PointONE Squeeze &amp; Microsqueeze<\/a> lub <a href=\"https:\/\/amzn.to\/3seftU2\" target=\"_blank\" rel=\"noopener\">SteriPEN Adventurer Opti<\/a> oczyszczacz wody.<\/li>\n\n\n\n<li>\u015arodek odstraszaj\u0105cy owady\/spray na komary, na przyk\u0142ad firmy <a href=\"https:\/\/amzn.to\/3YqKrUJ\" target=\"_blank\" rel=\"noopener\">Autan<\/a><\/li>\n\n\n\n<li>Uniwersalny adapter: Potrzebujesz tylko jednego <a href=\"https:\/\/amzn.to\/3rTXbax\" target=\"_blank\" rel=\"noopener\">uniwersalny adapter<\/a> aby pod\u0142\u0105czy\u0107 urz\u0105dzenia elektroniczne w ka\u017cdym odwiedzanym kraju.<\/li>\n\n\n\n<li><strong>Plecak na co dzie\u0144:<\/strong> The <a href=\"https:\/\/amzn.to\/3DAy2Ee\" target=\"_blank\" rel=\"noopener\">Langly Alpha Globetrotter<\/a> to m\u00f3j ulubiony plecak na aparat do codziennego u\u017cytku. Jest wystarczaj\u0105co du\u017cy, aby pomie\u015bci\u0107 ca\u0142y m\u00f3j sprz\u0119t podr\u00f3\u017cny i ma mn\u00f3stwo przegr\u00f3dek i kieszeni. Jest te\u017c cholernie stylowy!<\/li>\n\n\n\n<li><strong>Du\u017cy plecak:<\/strong> Potrzebujesz du\u017cego plecaka, aby nosi\u0107 wszystkie swoje rzeczy. Polecam <a href=\"https:\/\/amzn.to\/3q6i2a7\" target=\"_blank\" rel=\"noopener\">Osprey Atmos AG 65L<\/a> plecak. Dzi\u0119ki doskona\u0142emu roz\u0142o\u017ceniu ci\u0119\u017caru i do\u017cywotniej gwarancji, nie mo\u017cesz si\u0119 pomyli\u0107 z Osprey. Na jednodniowe w\u0119dr\u00f3wki, plecak <a href=\"https:\/\/amzn.to\/45hydkg\" target=\"_blank\" rel=\"noopener\">Osprey Talon 33L<\/a> plecak to dobry wyb\u00f3r.<\/li>\n<\/ul>\n\n\n\n<p>Czytaj wi\u0119cej: <a href=\"https:\/\/www.abenteueralbanien.de\/packliste-peaks-of-the-balkans\/\" target=\"_blank\" rel=\"noopener\">Szczeg\u00f3\u0142owa lista rzeczy do spakowania na szlak Peaks of the Balkans Trail (w tym sprz\u0119t kempingowy)<\/a><\/p>\n\n\n\n<h3 class=\"wp-block-heading\" id=\"provisions-food-drink\">Zapasy - \u017bywno\u015b\u0107 i napoje<\/h3>\n\n\n\n<p>Wi\u0119ksze supermarkety mo\u017cna znale\u017a\u0107 tylko w Shkoder, Peja i Plav. W Theth znajduje si\u0119 ma\u0142y minimarket, w kt\u00f3rym mo\u017cna kupi\u0107 chleb, ciastka, przek\u0105ski i owoce. Znajduje si\u0119 on w pobli\u017cu biura informacji turystycznej, tu\u017c nad mostem autostradowym. Nie musisz jednak martwi\u0107 si\u0119 o jedzenie i picie, poniewa\u017c zawsze mo\u017cesz kupi\u0107 przek\u0105ski, napoje bezalkoholowe i mokk\u0119 od pasterzy po drodze. Istnieje r\u00f3wnie\u017c mo\u017cliwo\u015b\u0107 skorzystania z <strong>pakowany lunch<\/strong> przygotowane w miejscu zakwaterowania. Wystarczy o to poprosi\u0107.<\/p>\n\n\n\n<figure class=\"wp-block-image size-full\"><img decoding=\"async\" width=\"800\" height=\"450\" src=\"https:\/\/adventurealbania.com\/wp-content\/uploads\/2024\/08\/Traditional-food_Peaks-of-the-Balkans-Trail.webp\" alt=\"Traditional-food_Peaks of the Balkans Trail\" class=\"wp-image-3444\" srcset=\"https:\/\/adventurealbania.com\/wp-content\/uploads\/2024\/08\/Traditional-food_Peaks-of-the-Balkans-Trail.webp 800w, https:\/\/adventurealbania.com\/wp-content\/uploads\/2024\/08\/Traditional-food_Peaks-of-the-Balkans-Trail-300x169.webp 300w, https:\/\/adventurealbania.com\/wp-content\/uploads\/2024\/08\/Traditional-food_Peaks-of-the-Balkans-Trail-768x432.webp 768w\" sizes=\"(max-width: 800px) 100vw, 800px\" \/><\/figure>\n\n\n\n<p><strong>Woda<\/strong> jest r\u00f3wnie\u017c dost\u0119pna na trasie na wielu etapach. Mia\u0142em ze sob\u0105 dwa litrowe bidony i buk\u0142ak z wod\u0105 na kolejne dwa litry, ale nigdy go nie nape\u0142ni\u0142em (i nie musia\u0142em).<\/p>\n\n\n\n<h3 class=\"wp-block-heading\" id=\"budget-cost\">Bud\u017cet i koszty<\/h3>\n\n\n\n<p>Na Szczytach Ba\u0142kan\u00f3w trzeba mie\u0107 przy sobie dwie waluty: <strong>Euro w Kosowie i Czarnog\u00f3rze, Lek w Albanii<\/strong>. Bankomaty s\u0105 dost\u0119pne tylko w wi\u0119kszych miastach, tj. w Peja, Plav lub Shkoder. Dlatego nale\u017cy zabra\u0107 ze sob\u0105 wystarczaj\u0105c\u0105 ilo\u015b\u0107 got\u00f3wki. Lek\u00f3w nie mo\u017cna wymieni\u0107 w Niemczech, przynajmniej ja bezskutecznie pr\u00f3bowa\u0142em w kilku bankach.<\/p>\n\n\n\n<p>Nie stanowi to jednak problemu, poniewa\u017c w Peji (Kosowo) mo\u017cna \u0142atwo wymieni\u0107 euro na leki. Wi\u0119ksze kwoty, takie jak zakwaterowanie w Theth i Valbona (oba w Albanii), mo\u017cna r\u00f3wnie\u017c zap\u0142aci\u0107 w euro.<\/p>\n\n\n\n<p><strong>Przyk\u0142ady:<\/strong><\/p>\n\n\n\n<ul class=\"wp-block-list\">\n<li>Kolacja w restauracji: od 5 do 10 euro<\/li>\n\n\n\n<li>Kawa: 1 euro<\/li>\n\n\n\n<li>Nap\u00f3j bezalkoholowy lub piwo na trasie: 2 euro<\/li>\n<\/ul>\n\n\n\n<h3 class=\"wp-block-heading\" id=\"conclusion\">Wnioski<\/h3>\n\n\n\n<p>Unikalna przyroda i dzika przyroda oferuj\u0105 ka\u017cdemu w\u0119drowcowi, poszukiwaczowi przyg\u00f3d i odkrywcy magiczne do\u015bwiadczenie: opr\u00f3cz krajobraz\u00f3w, kt\u00f3rych nigdy wcze\u015bniej nie widzia\u0142e\u015b, wkr\u00f3tce odkryjesz surowe pi\u0119kno i spok\u00f3j przyrody nietkni\u0119tej przez cz\u0142owieka. W okolicy jest tak wiele mo\u017cliwo\u015bci przygody i eksploracji. Niezale\u017cnie od tego, gdzie dok\u0142adnie i na ile dni si\u0119 wybierzesz, czeka na Ciebie wyj\u0105tkowe do\u015bwiadczenie.<\/p>\n\n\n\t<h2>Zalecane<\/h2>\n\n<div class=\"recommended-blog row\">\n\t\t<div class=\"col-lg-4 col-md-6\">\n\t\t<div class=\"recc-text\">\n\t\t\t<a href=\"https:\/\/adventurealbania.com\/pl\/shkoder-things-to-do\/\">\n\t\t\t\t\t\t\t\t\t<img decoding=\"async\" src=\"https:\/\/adventurealbania.com\/wp-content\/uploads\/2024\/09\/Shkoder-north-Albania_Rruga-Kole-Idromeno-street_scaled-1.jpg\">\n\t\t\t\t\t\t\t\t\n\t\t\t\t\n\t\t\t\t<p class=\"line-clamp-2\">\n\t\t\t\t\tShkoder - Albania - 10 rzeczy, kt\u00f3re warto zrobi\u0107\t\t\t\t<\/p>\n\t\t\t<\/a>\n\t\t<\/div>\n\t<\/div>\n\t\t<div class=\"col-lg-4 col-md-6\">\n\t\t<div class=\"recc-text\">\n\t\t\t<a href=\"https:\/\/adventurealbania.com\/pl\/albanian-alps\/\">\n\t\t\t\t\t\t\t\t\t<img decoding=\"async\" src=\"https:\/\/adventurealbania.com\/wp-content\/uploads\/2024\/07\/Taljanka-Peak-Grebaje-Valley.png\">\n\t\t\t\t\t\t\t\t\n\t\t\t\t\n\t\t\t\t<p class=\"line-clamp-2\">\n\t\t\t\t\tAlpy Alba\u0144skie i Prokletije - w\u0119dr\u00f3wki po g\u00f3rach Ba\u0142kan\u00f3w\t\t\t\t<\/p>\n\t\t\t<\/a>\n\t\t<\/div>\n\t<\/div>\n\t\t<div class=\"col-lg-4 col-md-6\">\n\t\t<div class=\"recc-text\">\n\t\t\t<a href=\"https:\/\/adventurealbania.com\/pl\/albania-bus-timetable\/\">\n\t\t\t\t\t\t\t\t\t<img decoding=\"async\" src=\"https:\/\/adventurealbania.com\/wp-content\/uploads\/2024\/08\/Tirana-Bus-Station.webp\">\n\t\t\t\t\t\t\t\t\n\t\t\t\t\n\t\t\t\t<p class=\"line-clamp-2\">\n\t\t\t\t\tAlbania - Rozk\u0142ad jazdy autobus\u00f3w z map\u0105, trasami, cenami\t\t\t\t<\/p>\n\t\t\t<\/a>\n\t\t<\/div>\n\t<\/div>\n\t<\/div>","protected":false},"excerpt":{"rendered":"<p>Szlak \u0142\u0105czy granice Albanii, Czarnog\u00f3ry i Kosowa i oferuje zar\u00f3wno wyj\u0105tkow\u0105 przygod\u0119 na \u015bwie\u017cym powietrzu, jak i niezr\u00f3wnane do\u015bwiadczenie kulturowe.<\/p>","protected":false},"author":2,"featured_media":3814,"comment_status":"closed","ping_status":"closed","sticky":false,"template":"","format":"standard","meta":{"footnotes":""},"categories":[8],"tags":[],"class_list":["post-3406","post","type-post","status-publish","format-standard","has-post-thumbnail","hentry","category-hike"],"acf":[],"_links":{"self":[{"href":"https:\/\/adventurealbania.com\/pl\/wp-json\/wp\/v2\/posts\/3406","targetHints":{"allow":["GET"]}}],"collection":[{"href":"https:\/\/adventurealbania.com\/pl\/wp-json\/wp\/v2\/posts"}],"about":[{"href":"https:\/\/adventurealbania.com\/pl\/wp-json\/wp\/v2\/types\/post"}],"author":[{"embeddable":true,"href":"https:\/\/adventurealbania.com\/pl\/wp-json\/wp\/v2\/users\/2"}],"replies":[{"embeddable":true,"href":"https:\/\/adventurealbania.com\/pl\/wp-json\/wp\/v2\/comments?post=3406"}],"version-history":[{"count":83,"href":"https:\/\/adventurealbania.com\/pl\/wp-json\/wp\/v2\/posts\/3406\/revisions"}],"predecessor-version":[{"id":6807,"href":"https:\/\/adventurealbania.com\/pl\/wp-json\/wp\/v2\/posts\/3406\/revisions\/6807"}],"wp:featuredmedia":[{"embeddable":true,"href":"https:\/\/adventurealbania.com\/pl\/wp-json\/wp\/v2\/media\/3814"}],"wp:attachment":[{"href":"https:\/\/adventurealbania.com\/pl\/wp-json\/wp\/v2\/media?parent=3406"}],"wp:term":[{"taxonomy":"category","embeddable":true,"href":"https:\/\/adventurealbania.com\/pl\/wp-json\/wp\/v2\/categories?post=3406"},{"taxonomy":"post_tag","embeddable":true,"href":"https:\/\/adventurealbania.com\/pl\/wp-json\/wp\/v2\/tags?post=3406"}],"curies":[{"name":"wp","href":"https:\/\/api.w.org\/{rel}","templated":true}]}}