{"id":1923,"date":"2024-07-15T12:54:24","date_gmt":"2024-07-15T12:54:24","guid":{"rendered":"https:\/\/adventurealbania.com\/?p=1923"},"modified":"2026-02-04T11:22:37","modified_gmt":"2026-02-04T10:22:37","slug":"alpes-albaneses","status":"publish","type":"post","link":"https:\/\/adventurealbania.com\/es\/albanian-alps\/","title":{"rendered":"Alpes albaneses y Prokletije - Senderismo por los Balcanes"},"content":{"rendered":"<p><em><strong>200 km de rutas de senderismo, naturaleza virgen, pueblos tradicionales e impresionantes parques nacionales: todo esto se encuentra en los Alpes albaneses (tambi\u00e9n conocidos como Prokletije). D\u00e9jeme llevarle a un viaje alpino por el oeste de la pen\u00ednsula balc\u00e1nica.<\/strong><\/em><\/p>\n\n\n\n<p>Prokletije es sin duda una de las \u00faltimas monta\u00f1as de Europa que a\u00fan no se ha descubierto del todo, uno de los lugares m\u00e1s rec\u00f3nditos y rom\u00e1nticos de Europa.<\/p>\n\n\n\n<figure class=\"wp-block-image size-full\"><img decoding=\"async\" width=\"756\" height=\"567\" src=\"https:\/\/adventurealbania.com\/wp-content\/uploads\/2024\/07\/Taljanka-Peak-Grebaje-Valley.png\" alt=\"Pico Taljanka y valle de Grebaje en los Alpes albaneses o Prokletije\" class=\"wp-image-5818\" srcset=\"https:\/\/adventurealbania.com\/wp-content\/uploads\/2024\/07\/Taljanka-Peak-Grebaje-Valley.png 756w, https:\/\/adventurealbania.com\/wp-content\/uploads\/2024\/07\/Taljanka-Peak-Grebaje-Valley-300x225.png 300w, https:\/\/adventurealbania.com\/wp-content\/uploads\/2024\/07\/Taljanka-Peak-Grebaje-Valley-16x12.png 16w\" sizes=\"(max-width: 756px) 100vw, 756px\" \/><\/figure>\n\n\n\n<details class=\"wp-block-details accordion accordion-flush accordion-item is-layout-flow wp-block-details-is-layout-flow\"><summary>\u00cdndice<\/summary>\n<div class=\"wp-block-rank-math-toc-block\" id=\"rank-math-toc\"><h2>Alpes albaneses y Prokletije<\/h2><nav><ul><li class=\"\"><a href=\"#what-are-those-names-and-what-do-they-mean\">\u00bfQu\u00e9 son esos nombres y qu\u00e9 significan?<\/a><\/li><li class=\"\"><a href=\"#albanian-alps\">Alpes albaneses<\/a><\/li><li class=\"\"><a href=\"#what-makes-these-mountains-so-special\">\u00bfQu\u00e9 hace que los Alpes albaneses sean tan especiales?<\/a><\/li><li class=\"\"><a href=\"#places-of-interest\">Pueblos y lugares de inter\u00e9s<\/a><ul><li class=\"\"><a href=\"#theth\">Theth<\/a><\/li><li class=\"\"><a href=\"#valbona\">Valbona<\/a><\/li><li class=\"\"><a href=\"#vermosh\">Vermosh<\/a><\/li><li class=\"\"><a href=\"#plav\">Plav<\/a><\/li><\/ul><\/li><li class=\"\"><a href=\"#what-places-to-visit-in-the-albanian-alps\">\u00bfQu\u00e9 lugares visitar en los Alpes albaneses?<\/a><ul><li class=\"\"><a href=\"#theth-village\">Theth Pueblo<\/a><\/li><li class=\"\"><a href=\"#komani-lake\">Lago Komani<\/a><\/li><li class=\"\"><a href=\"#shala-river\">R\u00edo Shala<\/a><\/li><\/ul><\/li><li class=\"\"><a href=\"#hiking-routes\">Alpes albaneses \u2013 Rutas de senderismo<\/a><ul><li class=\"\"><a href=\"#theth-valbona-hike\">Theth Valbona Senderismo<\/a><\/li><li class=\"\"><a href=\"#peaks-of-the-balkans-trail\">Sendero Peaks of the Balkans<\/a><\/li><li class=\"\"><a href=\"#via-dinarica\">Via Dinarica<\/a><\/li><li class=\"\"><a href=\"#climbing-jezerca-peak\">Ascensi\u00f3n al Pico Jezerca<\/a><\/li><\/ul><\/li><li class=\"\"><a href=\"#short-tours\">Recorridos cortos<\/a><ul><li class=\"\"><a href=\"#visting-the-village-church-of-theth\">Visita a la iglesia del pueblo de Theth<\/a><\/li><li class=\"\"><a href=\"#grunas-waterfall\">Cascada de Grunas<\/a><\/li><li class=\"\"><a href=\"#blue-eye-theth\">Blue Eye Theth<\/a><\/li><\/ul><\/li><li class=\"\"><a href=\"#travel-information\">Informaci\u00f3n sobre viajes<\/a><ul><li class=\"\"><a href=\"#best-time-to-travel\">La mejor \u00e9poca para viajar<\/a><\/li><li class=\"\"><a href=\"#getting-there\">C\u00f3mo llegar<\/a><\/li><li class=\"\"><a href=\"#hotels-guest-houses\">Hoteles y pensiones<\/a><\/li><li class=\"\"><a href=\"#camping\">Camping<\/a><\/li><\/ul><\/li><li class=\"\"><a href=\"#peaks\">Picos<\/a><ul><li class=\"\"><a href=\"#jezerca-peak-2694-m\">PICO JEZERCA (2694 M)<\/a><\/li><li class=\"\"><a href=\"#karanfili-massif\">MACIZO KARANFILI<\/a><\/li><li class=\"\"><a href=\"#harapit-arapi-2218-m\">HARAPIT\/ ARAPI (2218 M)<\/a><\/li><li class=\"\"><a href=\"#maja-e-thate-2406-m\">MAJA E THAT\u00cb (2406 M)<\/a><\/li><li class=\"\"><a href=\"#hollow-door-kissing-cats\">PUERTA HUECA\/BESAR GATOS<\/a><\/li><\/ul><\/li><li class=\"\"><a href=\"#history-of-the-region\">Historia de la regi\u00f3n<\/a><\/li><\/ul><\/nav><\/div>\n\n\n\n<p><\/p>\n<\/details>\n\n\n\n<iframe loading=\"lazy\" src=\"https:\/\/www.google.com\/maps\/d\/embed?mid=1eyc0yjf8A0uALyuZENXKUflW1VjonaM&#038;ehbc=2E312F\" width=\"840\" height=\"480\"><\/iframe>\n\n\n\n<blockquote class=\"wp-block-quote is-layout-flow wp-block-quote-is-layout-flow\">\n<p>\"Todas las monta\u00f1as a un lado, Prokletije al otro.\" <\/p>\n<cite>Proverbio serbio<\/cite><\/blockquote>\n\n\n\n<p>Puede que sea exagerar un poco, pero sin duda hay algo de verdad en las citas. El viaje desde Europa central a estas \"otras\" monta\u00f1as sigue la costa adri\u00e1tica croata hacia el sur, hasta llegar a estas hermosas cordilleras que pertenecen al <strong>Dinarides o Alpes Din\u00e1ricos<\/strong>. Se extienden por amplias zonas de los Balcanes occidentales y alcanzan su extremo sudoriental en la frontera entre Montenegro y Albania.<\/p>\n\n\n<div class=\"ads-bg bg-light py-3 px-4 mb-3\">\n    <div class=\"row\">\n                    <div class=\"col-lg-12\">\n                <div class=\"section-title text-center\">\n<!--                     <h3 class=\"p-2 fw-bold\"><\/h3> -->\n\t\t\t\t\t<div class=\"p-2 fw-bold\">\u00bfVa a los Alpes albaneses? Descubra estos pr\u00e1cticos servicios<\/div>\n                <\/div>\n            <\/div>\n                <div class=\"hotel-book p-3 mb-md-0 mb-3 border-radius-10\">\n                            <div class=\"d-xl-flex gap-2 align-items-center mb-3\">\n                    <i class=\"fa fa-hotel\"><\/i>\n                    <h3 class=\"m-0\">Reservas<\/h3>\n                <\/div>\n                            <h4>Encuentre el hotel de sus sue\u00f1os<\/h4>\n            <p>Los viajeros encontrar\u00e1n las mejores ofertas de hoteles en Shkoder reservando online en Booking.com. Recomiendo utilizar la funci\u00f3n de mapa para encontrar los mejores lugares donde alojarse.<\/p>\n                <a target=\"_blank\" href=\"https:\/\/www.booking.com\/hotel\/al\/hote-colosseo.en.html?aid=8057218&#038;no_rooms=1&#038;group_adults=2&#038;room1=A%2CA\" class=\"btn-base btn-custom\" rel=\"noopener\">Reservas<\/a>\n                    <\/div>\n                <div class=\"hotel-book p-3 mb-md-0 mb-3 border-radius-10\">\n                            <div class=\"d-xl-flex gap-2 align-items-center mb-3\">\n                    <i class=\"fa fa-camera-retro\"><\/i>\n                    <h3 class=\"m-0\">GetYourGuide<\/h3>\n                <\/div>\n                            <h4>Planifique su ocio<\/h4>\n            <p>Utilice Viator para planificar con antelaci\u00f3n las experiencias y visitas imprescindibles en la ciudad y sus alrededores. <\/p>\n                <a target=\"_blank\" href=\"https:\/\/www.getyourguide.com\/komani-lake-l121530\/from-tirana-komani-lake-and-shala-river-day-trip-t396168\/?partner_id=TQTP7ZN&#038;utm_medium=online_publisher\" class=\"btn-base btn-custom\" rel=\"noopener\">GetYourGuide<\/a>\n                    <\/div>\n                <div class=\"hotel-book p-3 mb-md-0 mb-3 border-radius-10\">\n                            <div class=\"d-xl-flex gap-2 align-items-center mb-3\">\n                    <i class=\"fa fa-car\"><\/i>\n                    <h3 class=\"m-0\">Discover Cars<\/h3>\n                <\/div>\n                            <h4>Alquilar un coche<\/h4>\n            <p>Recomiendo utilizar DiscoverCars para comparar las tarifas de diferentes veh\u00edculos en distintos concesionarios.<\/p>\n                <a target=\"_blank\" href=\"https:\/\/www.discovercars.com\/albania\/tirana\/tia?a_aid=kornfreak910\" class=\"btn-base btn-custom\" rel=\"noopener\">Discover Cars<\/a>\n                    <\/div>\n            <\/div>\n<\/div>\n\n\n\n<h2 class=\"wp-block-heading\" id=\"what-are-those-names-and-what-do-they-mean\">\u00bfQu\u00e9 son esos nombres y qu\u00e9 significan?<\/h2>\n\n\n\n<p>En este extremo se encuentran tambi\u00e9n las monta\u00f1as m\u00e1s altas y salvajes de las Din\u00e1ridas, conocidas con diversos nombres. En Montenegro, las <strong>Nombre serbocroata \"Prokletije\"<\/strong> mientras que en <strong>Albania<\/strong> la zona es <strong>llamado \"Bjeshk\u00ebt e Nemuna\"<\/strong>. Ambos significan <strong>\"monta\u00f1as malditas\"<\/strong>que hace referencia a las duras condiciones de vida de los habitantes de la zona. El nombre m\u00e1s com\u00fan de la parte albanesa de la cordillera es \"Alpes albaneses\" (Alpet Shqiptare).<\/p>\n\n\n\n<h2 class=\"wp-block-heading\" id=\"albanian-alps\">Alpes albaneses<\/h2>\n\n\n\n<p>Hay otros nombres regionales, como \"Dukagjin\" para las numerosas cadenas monta\u00f1osas y subgrupos m\u00e1s peque\u00f1os. Para no causar m\u00e1s confusi\u00f3n de la necesaria, escribir\u00e9 sobre el <strong>Alpes albaneses<\/strong> cuando se refiere a la parte albanesa, y por lo dem\u00e1s seguir el ejemplo de muchos visitantes extranjeros que resumen las monta\u00f1as de ambos pa\u00edses como <strong>Prokletije<\/strong>.<\/p>\n\n\n\n<h2 class=\"wp-block-heading\" id=\"what-makes-these-mountains-so-special\">\u00bfQu\u00e9 hace que los Alpes albaneses sean tan especiales?<\/h2>\n\n\n\n<p>El parecido con algunos de los macizos calc\u00e1reos de los Alpes es innegable, pero si se observa m\u00e1s de cerca, Prokletije muestra algunas diferencias debido a su ubicaci\u00f3n m\u00e1s meridional y remota y a una geolog\u00eda diferente. <\/p>\n\n\n\n<p>Todav\u00eda hay <strong>no hay refugios de monta\u00f1a situados muy por encima de los valles<\/strong>y, en cambio, sigue habiendo grandes zonas de <strong>naturaleza real<\/strong> donde grandes mam\u00edferos como osos, lobos y linces encuentran abundante h\u00e1bitat. <\/p>\n\n\n\n<p>La naturaleza virgen hace que la escarpadura y el tama\u00f1o de las monta\u00f1as de Prokletije resulten especialmente impresionantes. Aunque no alcanzan alturas extremas (los <strong>monta\u00f1a m\u00e1s alta<\/strong> es <strong>Jezerca a 2694 metros<\/strong>), los valles est\u00e1n profundamente incisos gracias a los glaciares de la Edad de Hielo y las diferencias de altura hasta las cumbres son grandes. <\/p>\n\n\n\n<h2 class=\"wp-block-heading\" id=\"places-of-interest\">Pueblos y lugares de inter\u00e9s<\/h2>\n\n\n\n<p>Existen <strong>no hay grandes ciudades<\/strong> en los Alpes albaneses. Sin embargo, hay <strong>algunos pueblos<\/strong> que no debe perderse, entre otras cosas porque encontrar\u00e1 <strong>acogedoras pensiones y peque\u00f1os hoteles<\/strong> donde alojarse entre caminata y caminata.<\/p>\n\n\n\n<h3 class=\"wp-block-heading\" id=\"theth\">Theth<\/h3>\n\n\n\n<p>El pueblo de Theth, que puede remontarse a una larga historia, est\u00e1 situado en el <strong>parte occidental de los Alpes albaneses<\/strong>. En esta zona se han encontrado vestigios de asentamientos del Paleol\u00edtico. En Theth viven menos de 100 personas, que se dedican principalmente a la hosteler\u00eda y el alojamiento de hu\u00e9spedes y veraneantes. <\/p>\n\n\n\n<figure class=\"wp-block-image size-large\"><img decoding=\"async\" width=\"1024\" height=\"768\" src=\"https:\/\/adventurealbania.com\/wp-content\/uploads\/2024\/06\/blog1-1024x768.jpg\" alt=\"Iglesia en Theth Albania con altas cumbres al fondo\" class=\"wp-image-85\" srcset=\"https:\/\/adventurealbania.com\/wp-content\/uploads\/2024\/06\/blog1-1024x768.jpg 1024w, https:\/\/adventurealbania.com\/wp-content\/uploads\/2024\/06\/blog1-300x225.jpg 300w, https:\/\/adventurealbania.com\/wp-content\/uploads\/2024\/06\/blog1-768x576.jpg 768w, https:\/\/adventurealbania.com\/wp-content\/uploads\/2024\/06\/blog1-1536x1152.jpg 1536w, https:\/\/adventurealbania.com\/wp-content\/uploads\/2024\/06\/blog1-scaled.jpg 2048w\" sizes=\"(max-width: 1024px) 100vw, 1024px\" \/><figcaption class=\"wp-element-caption\">Iglesia en Theth Albania <\/figcaption><\/figure>\n\n\n\n<p>La ubicaci\u00f3n del pueblo lo convierte en un <strong>punto de partida ideal para excursiones<\/strong>. Cuatro monta\u00f1as, cada una de ellas de al menos 2.000 metros de altura, rodean el pueblo, incluida Jezerca, la monta\u00f1a m\u00e1s alta de Albania. Como muchos asentamientos de la zona, Theth es un asentamiento disperso. Esto significa que las casas a lo largo del valle est\u00e1n a veces muy separadas. El centro real del pueblo est\u00e1 donde se encuentra el puente.<\/p>\n\n\n\n<h3 class=\"wp-block-heading\" id=\"valbona\">Valbona<\/h3>\n\n\n\n<p>El pueblo alban\u00e9s de Valbona est\u00e1 a s\u00f3lo <strong>a un d\u00eda de viaje de Theth<\/strong>. Valbona es tambi\u00e9n un asentamiento disperso, por lo que la atenci\u00f3n se centra tambi\u00e9n en el entorno natural \u00fanico. Aqu\u00ed puede esperar exuberantes pastos alpinos, lagos de monta\u00f1a y una amplia gama de oportunidades para practicar senderismo. La proximidad al pueblo de Theth, entre otras cosas, puede aprovecharse para una <strong>hermosa caminata de Theth a Valbona<\/strong>. <\/p>\n\n\n\n<figure class=\"wp-block-image size-large\"><img decoding=\"async\" width=\"1024\" height=\"768\" src=\"https:\/\/adventurealbania.com\/wp-content\/uploads\/2024\/06\/Theth-Valbona-1-32-1024x768.jpg\" alt=\"Valle de Valbona Albania visto desde el paso de Rosi\" class=\"wp-image-423\" srcset=\"https:\/\/adventurealbania.com\/wp-content\/uploads\/2024\/06\/Theth-Valbona-1-32-1024x768.jpg 1024w, https:\/\/adventurealbania.com\/wp-content\/uploads\/2024\/06\/Theth-Valbona-1-32-300x225.jpg 300w, https:\/\/adventurealbania.com\/wp-content\/uploads\/2024\/06\/Theth-Valbona-1-32-768x576.jpg 768w, https:\/\/adventurealbania.com\/wp-content\/uploads\/2024\/06\/Theth-Valbona-1-32-1536x1152.jpg 1536w, https:\/\/adventurealbania.com\/wp-content\/uploads\/2024\/06\/Theth-Valbona-1-32.jpg 2000w\" sizes=\"(max-width: 1024px) 100vw, 1024px\" \/><figcaption class=\"wp-element-caption\">Valle de Valbona visto desde el puerto de Rossi en la ruta Theth-Valbona<\/figcaption><\/figure>\n\n\n\n<h3 class=\"wp-block-heading\" id=\"vermosh\">Vermosh<\/h3>\n\n\n\n<p>Un poco m\u00e1s al norte y a <strong>altitud significativamente mayor<\/strong> (1.100 metros) que Valbona se encuentra Vermosh, el <strong>pueblo m\u00e1s septentrional de Albania<\/strong>. Este lugar es especialmente encantador porque est\u00e1 muy aislado y s\u00f3lo se puede acceder a \u00e9l a trav\u00e9s de dos puertos de monta\u00f1a. Los lugare\u00f1os cuidan con esmero de sus hu\u00e9spedes. Como los habitantes viven casi exclusivamente de la agricultura, aqu\u00ed podr\u00e1 degustar deliciosas especialidades locales.<\/p>\n\n\n\n<h3 class=\"wp-block-heading\" id=\"plav\">Plav<\/h3>\n\n\n\n<p>La localidad de Plav, de unos 3.700 habitantes, est\u00e1 situada en el <strong>Lado montenegrino de los Alpes albaneses<\/strong>. Se encuentra a una altitud de 945 metros y est\u00e1 rodeado de<strong> densa vegetaci\u00f3n e impresionante belleza natural<\/strong>. <\/p>\n\n\n\n<figure class=\"wp-block-image size-large\"><img decoding=\"async\" width=\"1024\" height=\"683\" src=\"https:\/\/adventurealbania.com\/wp-content\/uploads\/2024\/07\/PLav-Montenegro-1024x683.jpg\" alt=\"La ciudad montenegrina de Plav, junto al lago del mismo nombre\" class=\"wp-image-2239\" srcset=\"https:\/\/adventurealbania.com\/wp-content\/uploads\/2024\/07\/PLav-Montenegro-1024x683.jpg 1024w, https:\/\/adventurealbania.com\/wp-content\/uploads\/2024\/07\/PLav-Montenegro-300x200.jpg 300w, https:\/\/adventurealbania.com\/wp-content\/uploads\/2024\/07\/PLav-Montenegro-768x512.jpg 768w, https:\/\/adventurealbania.com\/wp-content\/uploads\/2024\/07\/PLav-Montenegro.jpg 1500w\" sizes=\"(max-width: 1024px) 100vw, 1024px\" \/><figcaption class=\"wp-element-caption\">La ciudad montenegrina de Plav, junto al lago del mismo nombre<\/figcaption><\/figure>\n\n\n\n<p>Plav est\u00e1 situado directamente en el <strong>lago del mismo nombre<\/strong>desde donde se accede a un embarcadero. Desde aqu\u00ed se disfruta de una fant\u00e1stica vista de las monta\u00f1as circundantes y se puede tomar el sol o darse un refrescante chapuz\u00f3n. Plav es tambi\u00e9n un gran <strong>punto de partida de excursiones en Prokletije<\/strong>ya que la ruta de senderismo Peaks of the Balkans tambi\u00e9n pasa por aqu\u00ed.<\/p>\n\n\n\n<h2 class=\"wp-block-heading\" id=\"what-places-to-visit-in-the-albanian-alps\">\u00bfQu\u00e9 lugares visitar en los Alpes albaneses?<\/h2>\n\n\n\n<p>Los Alpes albaneses tambi\u00e9n cuentan con dos valles tur\u00edsticos principales: el Valle de Theth y el Valle de Valbona. Debido a la compleja topograf\u00eda monta\u00f1osa, las dos ciudades principales de Theth y Valbon\u00eb se encuentran a varias horas de viaje cada una, aunque en l\u00ednea recta apenas distan 50 kil\u00f3metros de Shkoder. Esta ciudad, al pie suroccidental de las monta\u00f1as, es el punto de partida central, con sus numerosas opciones de alojamiento, operadores tur\u00edsticos e instalaciones de abastecimiento.<\/p>\n\n\n\n<h3 class=\"wp-block-heading\" id=\"theth-village\">Theth Pueblo<\/h3>\n\n\n\n<p>El paisaje de los Alpes albaneses es variado y atractivo, incluso lejos de los dos \"valles principales\". M\u00e1s al norte, en la frontera con el pa\u00eds, otros valles largos y profundos se bifurcan desde el lago Skadar hacia las monta\u00f1as. Apenas son conocidos, pero resultan a\u00fan m\u00e1s impresionantes por sus \u00e1ridos paisajes mediterr\u00e1neos. Los enormes macizos rocosos y desfiladeros ser\u00edan un gran tel\u00f3n de fondo para cualquier western. Quiz\u00e1 sea por su aura un tanto \u00e1spera y dura por lo que s\u00f3lo sirven como zona de tr\u00e1nsito, que apenas tiene desarrollo tur\u00edstico aparte de las carreteras de paso bien desarrolladas.<\/p>\n\n\n\n<figure class=\"wp-block-image size-large\"><img decoding=\"async\" width=\"1024\" height=\"768\" src=\"https:\/\/adventurealbania.com\/wp-content\/uploads\/2024\/07\/Theth-village-Albania-1024x768.jpg\" alt=\"Theth pueblo Albania con picos que se elevan en la parte posterior\" class=\"wp-image-2240\" srcset=\"https:\/\/adventurealbania.com\/wp-content\/uploads\/2024\/07\/Theth-village-Albania-1024x768.jpg 1024w, https:\/\/adventurealbania.com\/wp-content\/uploads\/2024\/07\/Theth-village-Albania-300x225.jpg 300w, https:\/\/adventurealbania.com\/wp-content\/uploads\/2024\/07\/Theth-village-Albania-768x576.jpg 768w, https:\/\/adventurealbania.com\/wp-content\/uploads\/2024\/07\/Theth-village-Albania-1536x1152.jpg 1536w, https:\/\/adventurealbania.com\/wp-content\/uploads\/2024\/07\/Theth-village-Albania-scaled.jpg 2048w\" sizes=\"(max-width: 1024px) 100vw, 1024px\" \/><figcaption class=\"wp-element-caption\">Theth pueblo Albania con picos que se elevan en la parte posterior<\/figcaption><\/figure>\n\n\n\n<p>Dos impresionantes miradores de esta zona son el puerto de monta\u00f1a alban\u00e9s Hani e Hotit y el balc\u00f3n rocoso Grlo Sokolovo, a los que se puede llegar desde la capital montenegrina, Podgorica, en una o dos horas en coche y a pie.<\/p>\n\n\n\n<h3 class=\"wp-block-heading\" id=\"komani-lake\">Lago Komani<\/h3>\n\n\n\n<p>Los Alpes albaneses se vuelven tan laber\u00ednticos y escarpados hacia el sur que resulta realmente dif\u00edcil orientarse. El borde meridional de este paisaje inaccesible est\u00e1 formado por el <strong>embalse de Koman, similar a un fiordo<\/strong>que <strong>embalsa el r\u00edo Drini para formar un lago<\/strong> con muchas ramas, entre muchos <strong>altos arrecifes rocosos y picos<\/strong>. <\/p>\n\n\n\n<figure class=\"wp-block-image size-large\"><img decoding=\"async\" width=\"1024\" height=\"768\" src=\"https:\/\/adventurealbania.com\/wp-content\/uploads\/2024\/06\/Koman-ferry-1024x768.jpg\" alt=\"Transbordador del lago Komani Albania\" class=\"wp-image-1470\" srcset=\"https:\/\/adventurealbania.com\/wp-content\/uploads\/2024\/06\/Koman-ferry-1024x768.jpg 1024w, https:\/\/adventurealbania.com\/wp-content\/uploads\/2024\/06\/Koman-ferry-300x225.jpg 300w, https:\/\/adventurealbania.com\/wp-content\/uploads\/2024\/06\/Koman-ferry-768x576.jpg 768w, https:\/\/adventurealbania.com\/wp-content\/uploads\/2024\/06\/Koman-ferry-1536x1152.jpg 1536w, https:\/\/adventurealbania.com\/wp-content\/uploads\/2024\/06\/Koman-ferry.jpg 2000w\" sizes=\"(max-width: 1024px) 100vw, 1024px\" \/><\/figure>\n\n\n\n<p>En el embalse, los transbordadores de coches cubren parte de la ruta principal de Shkoder a Valbona en poco menos de tres horas. La ruta alternativa sin transbordador no ahorra tiempo, ya que conduce en un gran arco por carreteras de monta\u00f1a muy malas y sinuosas.<\/p>\n\n\n\n<h3 class=\"wp-block-heading\" id=\"shala-river\">R\u00edo Shala<\/h3>\n\n\n\n<p>Adem\u00e1s del transbordador, en el lago Koman tambi\u00e9n operan barcos de excursi\u00f3n que se dirigen principalmente a <strong>Playa del r\u00edo Shala<\/strong>. <\/p>\n\n\n\n<figure class=\"wp-block-image size-large\"><img decoding=\"async\" width=\"1024\" height=\"768\" src=\"https:\/\/adventurealbania.com\/wp-content\/uploads\/2024\/07\/Shala-River-Lumi-Shales-1-7-1024x768.jpg\" alt=\"R\u00edo Shala\" class=\"wp-image-2241\" srcset=\"https:\/\/adventurealbania.com\/wp-content\/uploads\/2024\/07\/Shala-River-Lumi-Shales-1-7-1024x768.jpg 1024w, https:\/\/adventurealbania.com\/wp-content\/uploads\/2024\/07\/Shala-River-Lumi-Shales-1-7-300x225.jpg 300w, https:\/\/adventurealbania.com\/wp-content\/uploads\/2024\/07\/Shala-River-Lumi-Shales-1-7-768x576.jpg 768w, https:\/\/adventurealbania.com\/wp-content\/uploads\/2024\/07\/Shala-River-Lumi-Shales-1-7-1536x1152.jpg 1536w, https:\/\/adventurealbania.com\/wp-content\/uploads\/2024\/07\/Shala-River-Lumi-Shales-1-7.jpg 2000w\" sizes=\"(max-width: 1024px) 100vw, 1024px\" \/><figcaption class=\"wp-element-caption\">R\u00edo Shala<\/figcaption><\/figure>\n\n\n<div class=\"tour-cta\">\n\t<p>\n\t\t\t\t\t<strong>Reserva ahora: <\/strong>\n\t\t\t\t<a class=\"thirstylink\" target=\"_blank\" href=\"https:\/\/www.getyourguide.com\/komani-lake-l121530\/from-tirana-komani-lake-and-shala-river-day-trip-t396168\/?partner_id=TQTP7ZN&#038;utm_medium=online_publisher\" rel=\"noopener\">Desde Tirana: Excursi\u00f3n de un d\u00eda al lago Komani y al r\u00edo Shala\t\t\t<\/a>\n\t\t\t<\/p>\n<\/div>\n\n\n\n<p>Esta playa de guijarros blancos en el r\u00edo fresco de la monta\u00f1a est\u00e1 situada al final de un brazo lateral de espectacular belleza. Actualmente est\u00e1 pasando de ser una apartada joya natural a una mezcla de parque de atracciones y publicidad de Bacardi.<\/p>\n\n\n\n\n\n<h2 class=\"wp-block-heading\" id=\"hiking-routes\">Alpes albaneses \u2013 Rutas de senderismo<\/h2>\n\n\n\n<p>Los muchos lugares hermosos corresponden a muchos posibles <a href=\"https:\/\/adventurealbania.com\/es\/senderismo-albania\/\" data-type=\"post\" data-id=\"3136\">rutas de senderismo<\/a>. Sin embargo, hay que tener en cuenta que muchos de los \"senderos\" marcados en los mapas no son m\u00e1s que vestigios de antiguas rutas pastoriles y comerciales que s\u00f3lo recientemente se han conservado y se\u00f1alizado para uso tur\u00edstico, si es que lo est\u00e1n.<\/p>\n\n\n\n<figure class=\"wp-block-image size-large\"><img decoding=\"async\" width=\"1024\" height=\"767\" src=\"https:\/\/adventurealbania.com\/wp-content\/uploads\/2024\/07\/Albanien-Theth_Valbona_Koman1-1024x767.jpg\" alt=\"\" class=\"wp-image-2250\" srcset=\"https:\/\/adventurealbania.com\/wp-content\/uploads\/2024\/07\/Albanien-Theth_Valbona_Koman1-1024x767.jpg 1024w, https:\/\/adventurealbania.com\/wp-content\/uploads\/2024\/07\/Albanien-Theth_Valbona_Koman1-300x225.jpg 300w, https:\/\/adventurealbania.com\/wp-content\/uploads\/2024\/07\/Albanien-Theth_Valbona_Koman1-768x576.jpg 768w, https:\/\/adventurealbania.com\/wp-content\/uploads\/2024\/07\/Albanien-Theth_Valbona_Koman1-1536x1151.jpg 1536w, https:\/\/adventurealbania.com\/wp-content\/uploads\/2024\/07\/Albanien-Theth_Valbona_Koman1.jpg 2048w\" sizes=\"(max-width: 1024px) 100vw, 1024px\" \/><\/figure>\n\n\n\n<h3 class=\"wp-block-heading\" id=\"theth-valbona-hike\">Theth Valbona Senderismo<\/h3>\n\n\n\n<p>En <strong>Puerto de Valbona (1795 m) desde Theth o Valbona<\/strong> y el paso de Pejes (Qafa e Pej\u00ebs, 1710 m) desde Theth se recomiendan como recorridos introductorios y de visi\u00f3n general con un \"nivel alpino\". Gracias a las descripciones detalladas en las populares aplicaciones de senderismo y a la buena se\u00f1alizaci\u00f3n, tambi\u00e9n son adecuadas para los senderistas menos experimentados y los reci\u00e9n llegados a la zona. <\/p>\n\n\n\n<ul class=\"wp-block-list\">\n<li><strong>Duraci\u00f3n:<\/strong> 3-4 d\u00edas, incluidos traslados desde Shkoder y pernoctaciones<\/li>\n\n\n\n<li><strong>Distancia:<\/strong> 20 km senderismo Theth a Valbona<\/li>\n<\/ul>\n\n\n\n<figure class=\"wp-block-image size-large\"><img decoding=\"async\" width=\"1024\" height=\"575\" src=\"https:\/\/adventurealbania.com\/wp-content\/uploads\/2024\/07\/Peaks-of-the-Balkans-Trail-mark-on-tree-1024x575.jpg\" alt=\"\" class=\"wp-image-2251\" srcset=\"https:\/\/adventurealbania.com\/wp-content\/uploads\/2024\/07\/Peaks-of-the-Balkans-Trail-mark-on-tree-1024x575.jpg 1024w, https:\/\/adventurealbania.com\/wp-content\/uploads\/2024\/07\/Peaks-of-the-Balkans-Trail-mark-on-tree-300x168.jpg 300w, https:\/\/adventurealbania.com\/wp-content\/uploads\/2024\/07\/Peaks-of-the-Balkans-Trail-mark-on-tree-768x431.jpg 768w, https:\/\/adventurealbania.com\/wp-content\/uploads\/2024\/07\/Peaks-of-the-Balkans-Trail-mark-on-tree-1536x862.jpg 1536w, https:\/\/adventurealbania.com\/wp-content\/uploads\/2024\/07\/Peaks-of-the-Balkans-Trail-mark-on-tree.jpg 2000w\" sizes=\"(max-width: 1024px) 100vw, 1024px\" \/><\/figure>\n\n\n\n<h3 class=\"wp-block-heading\" id=\"peaks-of-the-balkans-trail\">Sendero Peaks of the Balkans<\/h3>\n\n\n\n<p>Para los que buscan una experiencia de una semana en la zona, est\u00e1 el <a href=\"https:\/\/adventurealbania.com\/es\/picos-de-los-balcanes\/\" data-type=\"post\" data-id=\"3406\">Sendero Peaks of the Balkans<\/a>ruta de 192 km que atraviesa <strong>3 pa\u00edses: Albania, Montenegro y Kosovo<\/strong>. Una aventura \u00fanica al aire libre y una experiencia cultural inolvidable.<\/p>\n\n\n\n<ul class=\"wp-block-list\">\n<li><strong>Duraci\u00f3n:<\/strong> 5-10 d\u00edas<\/li>\n\n\n\n<li><strong>Distancia:<\/strong> hasta 192 km<\/li>\n<\/ul>\n\n\n\n<p>Una zona donde se conectan antiguos senderos <strong>regiones remotas<\/strong>. La \u00e9pica caminata atraviesa pueblos separados por estrictas fronteras y fortificados con <strong>b\u00fankeres<\/strong> construido a lo largo de dos generaciones durante el r\u00e9gimen comunista en Yugoslavia y Albania. Atraviesa <strong>prados, cumbres, lagos y bosques<\/strong> y es una de las rutas de senderismo m\u00e1s variadas del mundo. Las vistas y los caminos cambian de senderos rocosos y picos desnudos a prados ricos en flores y plantas donde la naturaleza se ha dejado a su aire.<\/p>\n\n\n<div class=\"section-wrap mt-3 mb-3 bg-light p-3\">\n    <div class=\"row\">\n                    <div class=\"col-lg-12\">\n                <div class=\"section-title text-center\">\n                    <h3 class=\"p-2 fw-bold\">Descubra mis ofertas de viajes<\/h3>\n                <\/div>\n            <\/div>\n                    <div class=\"col-lg-4 col-md-6 wow fadeInUp mb-3\">\n\t\t\t\t<a href=\"https:\/\/www.abenteueralbanien.de\/theth-valbona-hike\/\" target=\"_blank\" rel=\"noopener\">\n\t\t\t\t\t<div class=\"blog-grid border-radius-10 style-2\">\n\t\t\t\t\t\t<div class=\"img-price position-relative\">\n\t\t\t\t\t\t\t\t\t\t\t\t\t\t\t<img decoding=\"async\" src=\"https:\/\/adventurealbania.com\/wp-content\/uploads\/2024\/06\/Theth-Valbona-Hike-1-1.webp\" class=\"border-radius-10\">\n\t\t\t\t\t\t\t\t\t\t\t\t\t\t\t<span>desde 190<\/span>\n\t\t\t\t\t\t\t\t\t\t\t\t\t<\/div>\n\n\t\t\t\t\t\t<div class=\"blog-info\">\n\t\t\t\t\t\t\t\t\t\t\t\t\t\t\t<span  class=\"fw-bold\">Theth Excursi\u00f3n a Valbona por el lago Koman y el r\u00edo Shala (4 d\u00edas)<\/span>\n\t\t\t\t\t\t\t\t\t\t\t\t\t\t\t<p class=\"text-dark line-clamp-4\">Experiencia Theth a Valbona Senderismo y Lago Koman en una excursi\u00f3n autoguiada de 4 d\u00edas con alojamiento privado, comidas y todos los traslados en los Parques Nacionales.<\/p>\n\t\t\t\t\t\t\t\t\t\t\t\t\t\t\t<ul>\n\t\t\t\t\t\t\t\t\t\t\t\t\t\t\t\t\t\t\t<li><i class=\"fa fa-star\"><\/i><\/li>\n\t\t\t\t\t\t\t\t\t\t\t\t\t\t\t\t\t\t\t<li><i class=\"fa fa-star\"><\/i><\/li>\n\t\t\t\t\t\t\t\t\t\t\t\t\t\t\t\t\t\t\t<li><i class=\"fa fa-star\"><\/i><\/li>\n\t\t\t\t\t\t\t\t\t\t\t\t\t\t\t\t\t\t\t<li><i class=\"fa fa-star\"><\/i><\/li>\n\t\t\t\t\t\t\t\t\t\t\t\t\t\t\t\t\t\t\t<li><i class=\"fa fa-star\"><\/i><\/li>\n\t\t\t\t\t\t\t\t\t\t\t\t\t\t\t\t\t\t<li>(5\/5)<\/li>\n\t\t\t\t\t\t\t\t<\/ul>\n\t\t\t\t\t\t\t\t\t\t\t\t\t\t\t<span>4 d\u00edas<\/span>\n\t\t\t\t\t\t\t\t\t\t\t\t\t<\/div>\n\t\t\t\t\t<\/div>\n\t\t\t\t<\/a>\n            <\/div>\n                    <div class=\"col-lg-4 col-md-6 wow fadeInUp mb-3\">\n\t\t\t\t<a href=\"https:\/\/www.abenteueralbanien.de\/peaks-of-the-balkans-6-days\/\" target=\"_blank\" rel=\"noopener\">\n\t\t\t\t\t<div class=\"blog-grid border-radius-10 style-2\">\n\t\t\t\t\t\t<div class=\"img-price position-relative\">\n\t\t\t\t\t\t\t\t\t\t\t\t\t\t\t<img decoding=\"async\" src=\"https:\/\/adventurealbania.com\/wp-content\/uploads\/2024\/06\/Taljanka-Grebaje-Valley_Peaks-of-the-Balkans-Trail.jpg\" class=\"border-radius-10\">\n\t\t\t\t\t\t\t\t\t\t\t\t\t\t\t<span>desde 540<\/span>\n\t\t\t\t\t\t\t\t\t\t\t\t\t<\/div>\n\n\t\t\t\t\t\t<div class=\"blog-info\">\n\t\t\t\t\t\t\t\t\t\t\t\t\t\t\t<span  class=\"fw-bold\">Peaks of the Balkans Ruta de senderismo 6 d\u00edas <\/span>\n\t\t\t\t\t\t\t\t\t\t\t\t\t\t\t<p class=\"text-dark line-clamp-4\">Explore las cumbres de los Balcanes por su cuenta, con traslados, alojamiento en habitaciones privadas, comidas en la monta\u00f1a, archivos GPS y descripci\u00f3n de la ruta.<\/p>\n\t\t\t\t\t\t\t\t\t\t\t\t\t\t\t<ul>\n\t\t\t\t\t\t\t\t\t\t\t\t\t\t\t\t\t\t\t<li><i class=\"fa fa-star\"><\/i><\/li>\n\t\t\t\t\t\t\t\t\t\t\t\t\t\t\t\t\t\t\t<li><i class=\"fa fa-star\"><\/i><\/li>\n\t\t\t\t\t\t\t\t\t\t\t\t\t\t\t\t\t\t\t<li><i class=\"fa fa-star\"><\/i><\/li>\n\t\t\t\t\t\t\t\t\t\t\t\t\t\t\t\t\t\t\t<li><i class=\"fa fa-star\"><\/i><\/li>\n\t\t\t\t\t\t\t\t\t\t\t\t\t\t\t\t\t\t\t<li><i class=\"fa fa-star\"><\/i><\/li>\n\t\t\t\t\t\t\t\t\t\t\t\t\t\t\t\t\t\t<li>(5\/5)<\/li>\n\t\t\t\t\t\t\t\t<\/ul>\n\t\t\t\t\t\t\t\t\t\t\t\t\t\t\t<span>6 d\u00edas<\/span>\n\t\t\t\t\t\t\t\t\t\t\t\t\t<\/div>\n\t\t\t\t\t<\/div>\n\t\t\t\t<\/a>\n            <\/div>\n                    <div class=\"col-lg-4 col-md-6 wow fadeInUp mb-3\">\n\t\t\t\t<a href=\"https:\/\/www.abenteueralbanien.de\/car-hire-in-albania\/\" target=\"_blank\" rel=\"noopener\">\n\t\t\t\t\t<div class=\"blog-grid border-radius-10 style-2\">\n\t\t\t\t\t\t<div class=\"img-price position-relative\">\n\t\t\t\t\t\t\t\t\t\t\t\t\t\t\t<img decoding=\"async\" src=\"https:\/\/adventurealbania.com\/wp-content\/uploads\/2024\/06\/Rental-Car-Albania.png\" class=\"border-radius-10\">\n\t\t\t\t\t\t\t\t\t\t\t\t\t\t\t<span>desde 30 euros<\/span>\n\t\t\t\t\t\t\t\t\t\t\t\t\t<\/div>\n\n\t\t\t\t\t\t<div class=\"blog-info\">\n\t\t\t\t\t\t\t\t\t\t\t\t\t\t\t<span  class=\"fw-bold\">Alquiler de coches en Tirana (Aeropuerto)<\/span>\n\t\t\t\t\t\t\t\t\t\t\t\t\t\t\t<p class=\"text-dark line-clamp-4\">Para m\u00ed, un coche de alquiler es la mejor opci\u00f3n para viajar por Albania de forma flexible y ahorrando tiempo. Mi recomendaci\u00f3n: Como Albania es muy monta\u00f1osa, alquila un coche con suficiente potencia.<\/p>\n\t\t\t\t\t\t\t\t\t\t\t\t\t\t\t<ul>\n\t\t\t\t\t\t\t\t\t\t\t\t\t\t\t\t\t\t\t<li><i class=\"fa fa-star\"><\/i><\/li>\n\t\t\t\t\t\t\t\t\t\t\t\t\t\t\t\t\t\t\t<li><i class=\"fa fa-star\"><\/i><\/li>\n\t\t\t\t\t\t\t\t\t\t\t\t\t\t\t\t\t\t\t<li><i class=\"fa fa-star\"><\/i><\/li>\n\t\t\t\t\t\t\t\t\t\t\t\t\t\t\t\t\t\t\t<li><i class=\"fa fa-star\"><\/i><\/li>\n\t\t\t\t\t\t\t\t\t\t\t\t\t\t\t\t\t\t\t<li><i class=\"fa fa-star\"><\/i><\/li>\n\t\t\t\t\t\t\t\t\t\t\t\t\t\t\t\t\t\t<li>(5\/5)<\/li>\n\t\t\t\t\t\t\t\t<\/ul>\n\t\t\t\t\t\t\t\t\t\t\t\t\t\t\t<span>1 d\u00eda<\/span>\n\t\t\t\t\t\t\t\t\t\t\t\t\t<\/div>\n\t\t\t\t\t<\/div>\n\t\t\t\t<\/a>\n            <\/div>\n            <\/div>\n<\/div>\n\n\n\n<p>Si tiene poca experiencia en senderismo y monta\u00f1ismo pero grandes ambiciones, deber\u00eda unirse a gu\u00edas locales o grupos organizados. Viajar por las profundidades del Prokletije por tu cuenta significa que est\u00e1s realmente solo. Sigue siendo una zona fronteriza remota, con terreno intransitable en su mayor parte, sin cobertura de red, clima cambiante y poca agua, ya que la mayor parte se filtra en el karst.<\/p>\n\n\n\n<p>Dado que s\u00f3lo las rutas principales est\u00e1n clara y correctamente se\u00f1alizadas, es esencial disponer de un dispositivo GPS con la bater\u00eda suficientemente cargada y planificar cuidadosamente los recorridos. Los recorridos largos implican pernoctar en tiendas o vivacs, donde se est\u00e1 en el h\u00e1bitat de osos y lobos. Por eso no est\u00e1 de m\u00e1s tomar precauciones, como llevar la comida en envases inodoros.<\/p>\n\n\n\n<p>La ayuda en caso de problemas es cuesti\u00f3n de suerte; existe un servicio organizado de rescate en monta\u00f1a, pero no est\u00e1 ni de lejos tan bien estructurado ni tan bien equipado como en los Alpes.<\/p>\n\n\n\n<p>Con esto no se pretende causar ansiedad, sino m\u00e1s bien dejar claro que los largos recorridos por el Prokletije son autom\u00e1ticamente tambi\u00e9n recorridos exigentes, en los que siempre hay que estar atento a los \"puntos de no retorno\" y evitar pasos irreversibles que uno podr\u00eda arriesgarse a dar en los Alpes.<\/p>\n\n\n\n<h3 class=\"wp-block-heading\" id=\"via-dinarica\">Via Dinarica<\/h3>\n\n\n\n<p>Otra opci\u00f3n es completar una etapa de la V\u00eda Din\u00e1rica. Esta ruta de senderismo de larga distancia, de 2.000 kil\u00f3metros en total, <strong>conduce a trav\u00e9s de toda la Pen\u00ednsula Balc\u00e1nica<\/strong>, incluso a trav\u00e9s de los Alpes albaneses y sobre el Jezerca. La etapa que puede recorrer a pie comienza en Theth y llega hasta Kosovo. As\u00ed que puedes recorrer partes de una larga ruta de senderismo durante tu visita a Prokletije.<\/p>\n\n\n\n<h3 class=\"wp-block-heading\" id=\"climbing-jezerca-peak\">Ascensi\u00f3n al Pico Jezerca<\/h3>\n\n\n\n<p>Una de las dos monta\u00f1as que recomendamos para escalar aqu\u00ed es la m\u00e1s alta de Albania, Jezerca. Con 2.694 m, se alza imponente sobre el resto de la cordillera, lo que la convierte en un lugar popular entre los aventureros. Jezerca se compone principalmente de piedra caliza y apenas ofrece terreno f\u00e9rtil, por lo que apenas ver\u00e1 vegetaci\u00f3n. El gigante rocoso es por tanto <strong>m\u00e1s adecuado para monta\u00f1eros experimentados<\/strong>. Como Jezerca est\u00e1 cerca de la frontera montenegrina, puede empezar desde all\u00ed o desde los pueblos de Theth o Valbona.<\/p>\n\n\n\n<h2 class=\"wp-block-heading\" id=\"short-tours\">Recorridos cortos<\/h2>\n\n\n\n<p>Si dispone de poco tiempo o prefiere las excursiones cortas, encontrar\u00e1 m\u00e1s en Theth que en Valbona o en los pueblos de los valles montenegrinos, donde los miradores y parajes naturales est\u00e1n m\u00e1s alejados.<br>Aqu\u00ed podr\u00e1 realizar los siguientes recorridos cortos y gratificantes:<\/p>\n\n\n\n<figure class=\"wp-block-image size-large\"><img decoding=\"async\" width=\"1024\" height=\"768\" src=\"https:\/\/adventurealbania.com\/wp-content\/uploads\/2024\/07\/Theth-village-1024x768.jpg\" alt=\"Theth pueblo de los Alpes albaneses\" class=\"wp-image-2254\" srcset=\"https:\/\/adventurealbania.com\/wp-content\/uploads\/2024\/07\/Theth-village-1024x768.jpg 1024w, https:\/\/adventurealbania.com\/wp-content\/uploads\/2024\/07\/Theth-village-300x225.jpg 300w, https:\/\/adventurealbania.com\/wp-content\/uploads\/2024\/07\/Theth-village-768x576.jpg 768w, https:\/\/adventurealbania.com\/wp-content\/uploads\/2024\/07\/Theth-village-1536x1152.jpg 1536w, https:\/\/adventurealbania.com\/wp-content\/uploads\/2024\/07\/Theth-village-scaled.jpg 2048w\" sizes=\"(max-width: 1024px) 100vw, 1024px\" \/><figcaption class=\"wp-element-caption\">Theth pueblo de los Alpes albaneses<\/figcaption><\/figure>\n\n\n\n<h3 class=\"wp-block-heading\" id=\"visting-the-village-church-of-theth\">Visita a la iglesia del pueblo de Theth<\/h3>\n\n\n\n<p>La iglesia es un lugar muy visitado y hermoso, con magn\u00edficas vistas del valle y su espectacular entorno monta\u00f1oso. Desde el centro tur\u00edstico, hay unos 15 minutos a pie r\u00edo abajo hasta el casco antiguo del pueblo con la iglesia.<\/p>\n\n\n\n<figure class=\"wp-block-image size-large\"><img decoding=\"async\" width=\"768\" height=\"1024\" src=\"https:\/\/adventurealbania.com\/wp-content\/uploads\/2024\/07\/Grunas-Waterfall-Theth-768x1024.jpg\" alt=\"Grunas Cascada Theth\" class=\"wp-image-2255\" srcset=\"https:\/\/adventurealbania.com\/wp-content\/uploads\/2024\/07\/Grunas-Waterfall-Theth-768x1024.jpg 768w, https:\/\/adventurealbania.com\/wp-content\/uploads\/2024\/07\/Grunas-Waterfall-Theth-225x300.jpg 225w, https:\/\/adventurealbania.com\/wp-content\/uploads\/2024\/07\/Grunas-Waterfall-Theth-1152x1536.jpg 1152w, https:\/\/adventurealbania.com\/wp-content\/uploads\/2024\/07\/Grunas-Waterfall-Theth-1536x2048.jpg 1536w, https:\/\/adventurealbania.com\/wp-content\/uploads\/2024\/07\/Grunas-Waterfall-Theth-scaled.jpg 1920w\" sizes=\"(max-width: 768px) 100vw, 768px\" \/><figcaption class=\"wp-element-caption\">Grunas Cascada Theth<\/figcaption><\/figure>\n\n\n\n<h3 class=\"wp-block-heading\" id=\"grunas-waterfall\">Cascada de Grunas<\/h3>\n\n\n\n<p>La cascada, de unos 20 metros de altura, es una aut\u00e9ntica delicia con una hermosa vista del valle Theth. En verano, es un lugar popular para tomar el sol y ba\u00f1arse. Se puede llegar en una hora a pie desde Theth o en media hora desde la carretera hacia Nd\u00ebrlysaj.<\/p>\n\n\n\n<ul class=\"wp-block-list\">\n<li><strong>Puntos de partida:<\/strong>&nbsp;<a href=\"https:\/\/maps.app.goo.gl\/QR47Dqz4m4y8C8JLA\" target=\"_blank\" rel=\"noreferrer noopener\">Inicio del sendero<\/a> cerca de la Torre de la Reconciliaci\u00f3n.<\/li>\n\n\n\n<li><strong>Aparcamiento:<\/strong>&nbsp;Puede aparcar su coche en el pueblo de Theth.<\/li>\n\n\n\n<li><strong>Distancia de la caminata:<\/strong>&nbsp;4 km ida y vuelta.<\/li>\n\n\n\n<li><strong>Ganancia de elevaci\u00f3n:<\/strong>&nbsp;Aproximadamente 250 metros.<\/li>\n\n\n\n<li><strong>Nivel de dificultad:<\/strong>&nbsp;F\u00e1cil.<\/li>\n\n\n\n<li><strong>Duraci\u00f3n:<\/strong>&nbsp;Aproximadamente de 1,5 a 2 horas, dependiendo del ritmo y de los descansos.<\/li>\n<\/ul>\n\n\n\n<h3 class=\"wp-block-heading\" id=\"blue-eye-theth\">Blue Eye Theth<\/h3>\n\n\n\n<p>La subida al \"Blue Eye\", un <strong>manantial de monta\u00f1a azul<\/strong> rodeado de cascadas ocultas en la exuberante naturaleza del bosque, s\u00f3lo lleva un poco m\u00e1s de tiempo. Su vista tienta a lanzarse, pero tras sumergir la mano, la mayor\u00eda de la gente lo deja as\u00ed. Encontrar\u00e1 una descripci\u00f3n de la ruta con fotos en <a href=\"https:\/\/www.wikiloc.com\/hiking-trails\/theth-to-blue-eye-116080735\" target=\"_blank\" rel=\"noreferrer noopener\">Wikiloc<\/a>.<\/p>\n\n\n\n<ul class=\"wp-block-list\">\n<li><strong>Puntos de partida:<\/strong>&nbsp;<a href=\"https:\/\/maps.app.goo.gl\/kRS4FpqkiaiAQknu8\" target=\"_blank\" rel=\"noreferrer noopener\">Inicio del sendero<\/a> Centro Theth.<\/li>\n\n\n\n<li><strong>Aparcamiento:<\/strong>&nbsp;Puede aparcar su coche en el pueblo de Theth.<\/li>\n\n\n\n<li><strong>Distancia de la caminata:<\/strong>&nbsp;20 km ida y vuelta.<\/li>\n\n\n\n<li><strong>Ganancia de elevaci\u00f3n:<\/strong>&nbsp;Aproximadamente 750 metros.<\/li>\n\n\n\n<li><strong>Nivel de dificultad:<\/strong>&nbsp;Moderado.<\/li>\n\n\n\n<li><strong>Duraci\u00f3n:<\/strong>&nbsp;Aproximadamente de 5 a 6 horas, dependiendo del ritmo y los descansos.<\/li>\n<\/ul>\n\n\n\n<p>Tambi\u00e9n puede conducir hasta el pueblo de Nd\u00ebrlysaj y aparcar el coche all\u00ed para acortar la caminata. La caminata desde Nd\u00ebrlysaj dura entre 1,5 y 2 horas sin descanso en el manantial.<\/p>\n\n\n\n<h2 class=\"wp-block-heading\" id=\"travel-information\">Informaci\u00f3n sobre viajes<\/h2>\n\n\n\n<p>Un viaje a los Alpes albaneses es posible de muchas maneras diferentes. Aqu\u00ed te resumo todo lo que necesitas saber para tus vacaciones en Albania.<\/p>\n\n\n\n<h3 class=\"wp-block-heading\" id=\"best-time-to-travel\">La mejor \u00e9poca para viajar<\/h3>\n\n\n\n<p>Dado que la regi\u00f3n apenas est\u00e1 desarrollada, merece la pena viajar sobre todo en verano. Y es que algunos pueblos est\u00e1n incluso vac\u00edos en invierno, ya que la escasa infraestructura no permite garantizar el abastecimiento. Los mejores meses para visitar los Alpes albaneses son, por tanto <strong>De junio a septiembre\/octubre<\/strong>. Es cuando el tiempo es m\u00e1s benigno y cuando la mayor\u00eda de los alojamientos est\u00e1n abiertos.<\/p>\n\n\n\n<h3 class=\"wp-block-heading\" id=\"getting-there\">C\u00f3mo llegar<\/h3>\n\n\n\n<p>El punto m\u00e1s com\u00fan para comenzar su viaje a Prokletije es <a href=\"https:\/\/adventurealbania.com\/es\/cosas-que-hacer-en-shkoder\/\" data-type=\"post\" data-id=\"103\">Shkoder<\/a>. Desde aqu\u00ed puede <strong>conducir hasta Theth en tres horas<\/strong> o tomar un ferry a Valbona. Si quiere viajar en avi\u00f3n, tiene esencialmente dos aeropuertos para elegir: <\/p>\n\n\n\n<ul class=\"wp-block-list\">\n<li>La primera es <a href=\"https:\/\/adventurealbania.com\/es\/cosas-que-hacer-en-tirana\/\" data-type=\"post\" data-id=\"106\">Tirana<\/a> Aeropuerto, al que prestan servicio <strong>vuelos directos desde numerosas ciudades europeas<\/strong>. A partir de ah\u00ed se trata de un <strong>dos horas en coche<\/strong> a Shkoder. <\/li>\n\n\n\n<li>El otro aeropuerto est\u00e1 en Montenegro, en la ciudad de Podgorica. Hay muchos menos vuelos directos a este aeropuerto, pero incluso con un transbordo adicional se puede llegar con bastante rapidez. Desde Podgorica, el viaje a Shkoder dura unos <strong>una hora<\/strong>. <\/li>\n<\/ul>\n\n\n\n<p>Hay algunas carreteras asfaltadas en las monta\u00f1as, <strong>pero<\/strong> la mayor\u00eda de la gente viaja en <strong>pie<\/strong>. Si no quiere explorar los Alpes albaneses por su cuenta, merece la pena reservar una excursi\u00f3n guiada; a veces le llevar\u00e1n c\u00f3modamente en lanzadera a su siguiente destino.<\/p>\n\n\n\n<h3 class=\"wp-block-heading\" id=\"hotels-guest-houses\">Hoteles y pensiones<\/h3>\n\n\n\n<p>En los Alpes albaneses siempre se puede encontrar alojamiento en los pueblos y ciudades, <strong>que suelen estar id\u00edlicamente situadas en valles y a lo largo de r\u00edos<\/strong>. Los hoteles y pensiones suelen estar regentados por lugare\u00f1os, lo que permite conocer directamente la cultura y la vida de la gente del lugar.<\/p>\n\n\n\n<div class=\"wp-block-buttons is-content-justification-center is-layout-flex wp-container-core-buttons-is-layout-16018d1d wp-block-buttons-is-layout-flex\">\n<div class=\"wp-block-button has-custom-width wp-block-button__width-75 is-style-outline is-style-outline--1\"><a class=\"wp-block-button__link has-white-color has-text-color has-background has-link-color has-medium-font-size has-custom-font-size wp-element-button\" href=\"https:\/\/www.booking.com\/hotel\/al\/hanna-520-apartments.en.html?aid=8057218&amp;no_rooms=1&amp;group_adults=2&amp;room1=A%2CA\" style=\"border-radius:50px;background-color:#20357a;text-transform:uppercase\" target=\"_blank\" rel=\"noreferrer noopener\">ALOJAMIENTO EN SHKODER<\/a><\/div>\n<\/div>\n\n\n\n<h3 class=\"wp-block-heading\" id=\"camping\">Camping<\/h3>\n\n\n\n<p>Toda la parte montenegrina del Prokletije es parque nacional desde 2009, donde se cobra una entrada de 10 euros y una tasa de estancia diaria de 5 euros (a partir del verano de 2024). <strong>La acampada libre est\u00e1 oficialmente prohibida<\/strong>pero se tolera si montas tu tienda lo suficientemente lejos sobre los valles.<\/p>\n\n\n\n<p>En el lado alban\u00e9s, toda la cadena monta\u00f1osa del n\u00facleo tambi\u00e9n est\u00e1 declarada <strong>parque nacional<\/strong> (NP Valbonatal y NP Theth). Sin embargo, aqu\u00ed apenas se controla y aplica la normativa. Esto tiene ventajas como <strong>libre acceso y libre circulaci\u00f3n<\/strong>pero no debe malinterpretarse como una invitaci\u00f3n a comportarse de forma perjudicial para el medio ambiente.<\/p>\n\n\n\n<h2 class=\"wp-block-heading\" id=\"peaks\">Picos<\/h2>\n\n\n\n<p>Incluso para los expertos locales ser\u00eda dif\u00edcil elegir entre los muchos lugares que merecen la pena y son especialmente bellos. He aqu\u00ed un intento bastante arbitrario y definitivamente incompleto de un (no realmente) experto local:<\/p>\n\n\n\n<figure class=\"wp-block-image size-large\"><img decoding=\"async\" width=\"1024\" height=\"679\" src=\"https:\/\/adventurealbania.com\/wp-content\/uploads\/2024\/07\/JEZERCA-Peak_freepik-low-angle-view-jezerca-summit_96088655-1024x679.jpg\" alt=\"vista-baja-jezerca-summit\" class=\"wp-image-2242\" srcset=\"https:\/\/adventurealbania.com\/wp-content\/uploads\/2024\/07\/JEZERCA-Peak_freepik-low-angle-view-jezerca-summit_96088655-1024x679.jpg 1024w, https:\/\/adventurealbania.com\/wp-content\/uploads\/2024\/07\/JEZERCA-Peak_freepik-low-angle-view-jezerca-summit_96088655-300x199.jpg 300w, https:\/\/adventurealbania.com\/wp-content\/uploads\/2024\/07\/JEZERCA-Peak_freepik-low-angle-view-jezerca-summit_96088655-768x509.jpg 768w, https:\/\/adventurealbania.com\/wp-content\/uploads\/2024\/07\/JEZERCA-Peak_freepik-low-angle-view-jezerca-summit_96088655.jpg 1500w\" sizes=\"(max-width: 1024px) 100vw, 1024px\" \/><figcaption class=\"wp-element-caption\">Pico JEZERCA<\/figcaption><\/figure>\n\n\n\n<h3 class=\"wp-block-heading\" id=\"jezerca-peak-2694-m\">PICO JEZERCA (2694 M)<\/h3>\n\n\n\n<p>Como el <strong>monta\u00f1a m\u00e1s alta del Prokletije y de Albania<\/strong>Esta poderosa pir\u00e1mide es un destino popular entre los excursionistas alpinos en forma. Se puede llegar a la cima desde el valle alban\u00e9s de Valbona en una exigente excursi\u00f3n de 10 horas.<\/p>\n\n\n\n<figure class=\"wp-block-image size-large\"><img decoding=\"async\" width=\"1024\" height=\"683\" src=\"https:\/\/adventurealbania.com\/wp-content\/uploads\/2024\/07\/Karanfili-Massiv_freepik-Albanian-Alps-view-Accursed-Mountains-landscape-viewed-from-Valbona-1024x683.jpg\" alt=\"Karanfili-Massiv\" class=\"wp-image-2243\" srcset=\"https:\/\/adventurealbania.com\/wp-content\/uploads\/2024\/07\/Karanfili-Massiv_freepik-Albanian-Alps-view-Accursed-Mountains-landscape-viewed-from-Valbona-1024x683.jpg 1024w, https:\/\/adventurealbania.com\/wp-content\/uploads\/2024\/07\/Karanfili-Massiv_freepik-Albanian-Alps-view-Accursed-Mountains-landscape-viewed-from-Valbona-300x200.jpg 300w, https:\/\/adventurealbania.com\/wp-content\/uploads\/2024\/07\/Karanfili-Massiv_freepik-Albanian-Alps-view-Accursed-Mountains-landscape-viewed-from-Valbona-768x512.jpg 768w, https:\/\/adventurealbania.com\/wp-content\/uploads\/2024\/07\/Karanfili-Massiv_freepik-Albanian-Alps-view-Accursed-Mountains-landscape-viewed-from-Valbona.jpg 1500w\" sizes=\"(max-width: 1024px) 100vw, 1024px\" \/><figcaption class=\"wp-element-caption\">Karanfili-Massiv<\/figcaption><\/figure>\n\n\n\n<h3 class=\"wp-block-heading\" id=\"karanfili-massif\">MACIZO KARANFILI<\/h3>\n\n\n\n<p>Estas singulares torres de roca, macizas y delicadas a la vez, se elevan hasta 1.000 metros entre los valles de Grebaje y Ropojana. La forma m\u00e1s f\u00e1cil de admirar su esplendor es conducir hasta el valle de Grebaje, donde se pueden ver desde el fondo del valle. Desde la entrada del parque nacional, se puede caminar hasta el peque\u00f1o valle lateral de Valu\u0161nica y, dependiendo del tiempo y la inclinaci\u00f3n, hasta el pico del mismo nombre, de 1.879 metros (fotos y pista GPX para descargar para usuarios registrados en Wikiloc). All\u00ed podr\u00e1 contemplar el \"cl\u00e1sico\" panorama de Karanfili, uno de los mejores motivos del Prokletije y de todos los Balcanes.<\/p>\n\n\n\n<figure class=\"wp-block-image size-full is-resized\"><img decoding=\"async\" width=\"893\" height=\"533\" src=\"https:\/\/adventurealbania.com\/wp-content\/uploads\/2024\/07\/Maja-Harapit_Arapi-Albania.png\" alt=\"Pico de la monta\u00f1a HARAPIT\/ ARAPI\" class=\"wp-image-2244\" style=\"width:840px;height:auto\" srcset=\"https:\/\/adventurealbania.com\/wp-content\/uploads\/2024\/07\/Maja-Harapit_Arapi-Albania.png 893w, https:\/\/adventurealbania.com\/wp-content\/uploads\/2024\/07\/Maja-Harapit_Arapi-Albania-300x179.png 300w, https:\/\/adventurealbania.com\/wp-content\/uploads\/2024\/07\/Maja-Harapit_Arapi-Albania-768x458.png 768w\" sizes=\"(max-width: 893px) 100vw, 893px\" \/><figcaption class=\"wp-element-caption\">HARAPIT\/ ARAPI<\/figcaption><\/figure>\n\n\n\n<h3 class=\"wp-block-heading\" id=\"harapit-arapi-2218-m\">HARAPIT\/ ARAPI (2218 M)<\/h3>\n\n\n\n<p>Este pico rocoso, grande y escarpado, es claramente visible desde Theth y es, por tanto, uno de los picos m\u00e1s famosos del Prokletije. Una excursi\u00f3n de un d\u00eda desde Theth permite admirar la monta\u00f1a de cerca y desde varios \u00e1ngulos diferentes. La cumbre est\u00e1 reservada a escaladores experimentados.<\/p>\n\n\n\n<h3 class=\"wp-block-heading\" id=\"maja-e-thate-2406-m\">MAJA E THAT\u00cb (2406 M)<\/h3>\n\n\n\n<p>El guardi\u00e1n del Valle de Valbona no es una de las monta\u00f1as m\u00e1s altas, pero resulta extremadamente impresionante por su inclinaci\u00f3n, potencia y posici\u00f3n expuesta directamente sobre Valbona. Sin equipo de escalada, su cima s\u00f3lo es accesible para monta\u00f1eros avezados.<\/p>\n\n\n\n<h3 class=\"wp-block-heading\" id=\"hollow-door-kissing-cats\">PUERTA HUECA\/BESAR GATOS<\/h3>\n\n\n\n<p>Si entras en el pintoresco <strong>Valle de Grebaje<\/strong>En la cima de la cresta, a mano izquierda, ver\u00e1 una puerta de roca que parece el beso de dos gatos, exactamente as\u00ed. Una visi\u00f3n curiosa.<\/p>\n\n\n\n<p>A\u00fan m\u00e1s curiosa es la visi\u00f3n de <strong>peque\u00f1os b\u00fankeres en cuclillas<\/strong> en las monta\u00f1as. Estaban destinados a proteger contra los ataques enemigos, que exist\u00edan principalmente en la imaginaci\u00f3n de los <strong>El autocr\u00e1tico alban\u00e9s Enver Hoxha<\/strong>. En la p\u00e1gina <strong>ruta de senderismo desde Theth por el puerto de Pejes hacia la frontera y Vusanje<\/strong>.<\/p>\n\n\n\n<figure class=\"wp-block-image size-large\"><img decoding=\"async\" width=\"1024\" height=\"768\" src=\"https:\/\/adventurealbania.com\/wp-content\/uploads\/2024\/07\/Vusanje-Theth-1-42-1024x768.jpg\" alt=\"B\u00fankeres en las monta\u00f1as\" class=\"wp-image-2249\" srcset=\"https:\/\/adventurealbania.com\/wp-content\/uploads\/2024\/07\/Vusanje-Theth-1-42-1024x768.jpg 1024w, https:\/\/adventurealbania.com\/wp-content\/uploads\/2024\/07\/Vusanje-Theth-1-42-300x225.jpg 300w, https:\/\/adventurealbania.com\/wp-content\/uploads\/2024\/07\/Vusanje-Theth-1-42-768x576.jpg 768w, https:\/\/adventurealbania.com\/wp-content\/uploads\/2024\/07\/Vusanje-Theth-1-42-1536x1152.jpg 1536w, https:\/\/adventurealbania.com\/wp-content\/uploads\/2024\/07\/Vusanje-Theth-1-42.jpg 2000w\" sizes=\"(max-width: 1024px) 100vw, 1024px\" \/><figcaption class=\"wp-element-caption\">B\u00fankeres en las monta\u00f1as<\/figcaption><\/figure>\n\n\n\n<p>Las primeras aparecen tras poco menos de una hora de caminata por la ladera del lecho trenzado del arroyo. Las siguientes s\u00f3lo aparecen tras la empinada ascensi\u00f3n del puerto, pero est\u00e1n enmarcadas en un paisaje de monta\u00f1a realmente de ensue\u00f1o.<\/p>\n\n\n<div class=\"section-wrap mt-3 mb-3 bg-light p-3\">\n    <div class=\"row\">\n                    <div class=\"col-lg-12\">\n                <div class=\"section-title text-center\">\n                    <h3 class=\"p-2 fw-bold\">Peaks of the Balkans Autoguiado<\/h3>\n                <\/div>\n            <\/div>\n                    <div class=\"col-lg-4 col-md-6 wow fadeInUp mb-3\">\n\t\t\t\t<a href=\"https:\/\/www.abenteueralbanien.de\/peaks-of-the-balkans-5-10-days\/\" target=\"_blank\" rel=\"noopener\">\n\t\t\t\t\t<div class=\"blog-grid border-radius-10 style-2\">\n\t\t\t\t\t\t<div class=\"img-price position-relative\">\n\t\t\t\t\t\t\t\t\t\t\t\t\t\t\t<img decoding=\"async\" src=\"https:\/\/adventurealbania.com\/wp-content\/uploads\/2024\/08\/Peaks-of-the-Balkans-7-Day-Hiking-Tour-Lake-Hrid.webp\" class=\"border-radius-10\">\n\t\t\t\t\t\t\t\t\t\t\t\t\t\t\t<span>desde 615<\/span>\n\t\t\t\t\t\t\t\t\t\t\t\t\t<\/div>\n\n\t\t\t\t\t\t<div class=\"blog-info\">\n\t\t\t\t\t\t\t\t\t\t\t\t\t\t\t<span  class=\"fw-bold\">7 d\u00edas Peaks of the Balkans<\/span>\n\t\t\t\t\t\t\t\t\t\t\t\t\t\t\t<p class=\"text-dark line-clamp-4\">La versi\u00f3n corta de la ruta sin Kosovo, pero que incluye la famosa ruta Theth - Valbone, el lago Hrid a 2.000 m y el pueblo de pastores de Doberdol.<\/p>\n\t\t\t\t\t\t\t\t\t\t\t\t\t\t\t<ul>\n\t\t\t\t\t\t\t\t\t\t\t\t\t\t\t\t\t\t\t<li><i class=\"fa fa-star\"><\/i><\/li>\n\t\t\t\t\t\t\t\t\t\t\t\t\t\t\t\t\t\t\t<li><i class=\"fa fa-star\"><\/i><\/li>\n\t\t\t\t\t\t\t\t\t\t\t\t\t\t\t\t\t\t\t<li><i class=\"fa fa-star\"><\/i><\/li>\n\t\t\t\t\t\t\t\t\t\t\t\t\t\t\t\t\t\t\t<li><i class=\"fa fa-star\"><\/i><\/li>\n\t\t\t\t\t\t\t\t\t\t\t\t\t\t\t\t\t\t\t<li><i class=\"fa fa-star\"><\/i><\/li>\n\t\t\t\t\t\t\t\t\t\t\t\t\t\t\t\t\t\t<li>(5\/5)<\/li>\n\t\t\t\t\t\t\t\t<\/ul>\n\t\t\t\t\t\t\t\t\t\t\t\t\t\t\t<span>7 d\u00edas<\/span>\n\t\t\t\t\t\t\t\t\t\t\t\t\t<\/div>\n\t\t\t\t\t<\/div>\n\t\t\t\t<\/a>\n            <\/div>\n                    <div class=\"col-lg-4 col-md-6 wow fadeInUp mb-3\">\n\t\t\t\t<a href=\"https:\/\/www.abenteueralbanien.de\/peaks-of-the-balkans-5-10-days\/\" target=\"_blank\" rel=\"noopener\">\n\t\t\t\t\t<div class=\"blog-grid border-radius-10 style-2\">\n\t\t\t\t\t\t<div class=\"img-price position-relative\">\n\t\t\t\t\t\t\t\t\t\t\t\t\t\t\t<img decoding=\"async\" src=\"https:\/\/adventurealbania.com\/wp-content\/uploads\/2024\/08\/10-Day-Peaks-of-the-Balkans_Grebaje-Mountain-Range-in-Montenegro-1.webp\" class=\"border-radius-10\">\n\t\t\t\t\t\t\t\t\t\t\t\t\t\t\t<span>desde 765<\/span>\n\t\t\t\t\t\t\t\t\t\t\t\t\t<\/div>\n\n\t\t\t\t\t\t<div class=\"blog-info\">\n\t\t\t\t\t\t\t\t\t\t\t\t\t\t\t<span  class=\"fw-bold\">10 d\u00edas Peaks of the Balkans<\/span>\n\t\t\t\t\t\t\t\t\t\t\t\t\t\t\t<p class=\"text-dark line-clamp-4\">El Peaks of the Balkans de 10 d\u00edas a trav\u00e9s de los 3 pa\u00edses - Albania, Kosovo y Montenegro incl. Pico Gjeravica y Pico Taljanka en el Valle Grebaje<\/p>\n\t\t\t\t\t\t\t\t\t\t\t\t\t\t\t<ul>\n\t\t\t\t\t\t\t\t\t\t\t\t\t\t\t\t\t\t\t<li><i class=\"fa fa-star\"><\/i><\/li>\n\t\t\t\t\t\t\t\t\t\t\t\t\t\t\t\t\t\t\t<li><i class=\"fa fa-star\"><\/i><\/li>\n\t\t\t\t\t\t\t\t\t\t\t\t\t\t\t\t\t\t\t<li><i class=\"fa fa-star\"><\/i><\/li>\n\t\t\t\t\t\t\t\t\t\t\t\t\t\t\t\t\t\t\t<li><i class=\"fa fa-star\"><\/i><\/li>\n\t\t\t\t\t\t\t\t\t\t\t\t\t\t\t\t\t\t\t<li><i class=\"fa fa-star\"><\/i><\/li>\n\t\t\t\t\t\t\t\t\t\t\t\t\t\t\t\t\t\t<li>(5\/5)<\/li>\n\t\t\t\t\t\t\t\t<\/ul>\n\t\t\t\t\t\t\t\t\t\t\t\t\t\t\t<span>10 d\u00edas<\/span>\n\t\t\t\t\t\t\t\t\t\t\t\t\t<\/div>\n\t\t\t\t\t<\/div>\n\t\t\t\t<\/a>\n            <\/div>\n                    <div class=\"col-lg-4 col-md-6 wow fadeInUp mb-3\">\n\t\t\t\t<a href=\"https:\/\/www.abenteueralbanien.de\/peaks-of-the-balkans-5-10-days\/\" target=\"_blank\" rel=\"noopener\">\n\t\t\t\t\t<div class=\"blog-grid border-radius-10 style-2\">\n\t\t\t\t\t\t<div class=\"img-price position-relative\">\n\t\t\t\t\t\t\t\t\t\t\t\t\t\t\t<img decoding=\"async\" src=\"https:\/\/adventurealbania.com\/wp-content\/uploads\/2024\/08\/Peaks-of-the-Balkans-11-Day-Hike-Taljanka-Peak-Grebaja-Valley.jpg\" class=\"border-radius-10\">\n\t\t\t\t\t\t\t\t\t\t\t\t\t\t\t<span>a partir de 990<\/span>\n\t\t\t\t\t\t\t\t\t\t\t\t\t<\/div>\n\n\t\t\t\t\t\t<div class=\"blog-info\">\n\t\t\t\t\t\t\t\t\t\t\t\t\t\t\t<span  class=\"fw-bold\">11 d\u00edas Peaks of the Balkans<\/span>\n\t\t\t\t\t\t\t\t\t\t\t\t\t\t\t<p class=\"text-dark line-clamp-4\">La opci\u00f3n de 11 d\u00edas incluye pernoctaci\u00f3n en el pueblo pastoril de Doberdol (Albania), traves\u00eda en ferry del lago Koman y valle de Grebaja (Montenegro).<\/p>\n\t\t\t\t\t\t\t\t\t\t\t\t\t\t\t<ul>\n\t\t\t\t\t\t\t\t\t\t\t\t\t\t\t\t\t\t\t<li><i class=\"fa fa-star\"><\/i><\/li>\n\t\t\t\t\t\t\t\t\t\t\t\t\t\t\t\t\t\t\t<li><i class=\"fa fa-star\"><\/i><\/li>\n\t\t\t\t\t\t\t\t\t\t\t\t\t\t\t\t\t\t\t<li><i class=\"fa fa-star\"><\/i><\/li>\n\t\t\t\t\t\t\t\t\t\t\t\t\t\t\t\t\t\t\t<li><i class=\"fa fa-star\"><\/i><\/li>\n\t\t\t\t\t\t\t\t\t\t\t\t\t\t\t\t\t\t\t<li><i class=\"fa fa-star\"><\/i><\/li>\n\t\t\t\t\t\t\t\t\t\t\t\t\t\t\t\t\t\t<li>(5\/5)<\/li>\n\t\t\t\t\t\t\t\t<\/ul>\n\t\t\t\t\t\t\t\t\t\t\t\t\t\t\t<span>11 d\u00edas<\/span>\n\t\t\t\t\t\t\t\t\t\t\t\t\t<\/div>\n\t\t\t\t\t<\/div>\n\t\t\t\t<\/a>\n            <\/div>\n            <\/div>\n<\/div>\n\n\n\n<h2 class=\"wp-block-heading\" id=\"history-of-the-region\">Historia de la regi\u00f3n<\/h2>\n\n\n\n<p>La singularidad de la regi\u00f3n de Prokletije se debe tambi\u00e9n a su agitada historia. Esta parte de los Balcanes siempre ha sido un punto de contacto y un crisol de diferentes culturas de Occidente y Oriente. Ocasionalmente, tambi\u00e9n ha sido un foco en el que han chocado intereses irreconciliables.<\/p>\n\n\n\n<p>Importante <strong>rutas comerciales<\/strong> pasaron por la regi\u00f3n en la antig\u00fcedad. En el siglo II a.C., Roma se convirti\u00f3 en la potencia m\u00e1s fuerte, construyendo carreteras y puentes y fomentando el comercio. Tras la ca\u00edda de Roma, la <strong>Eslavos, bizantinos y serbios<\/strong> se impusieron. En el siglo XV, los <strong>Otomanos<\/strong>originarios de la actual Turqu\u00eda, incorporaron la zona a su vasto imperio. Gobernaron hasta 1912.<br><br>Durante las guerras mundiales, la zona estuvo dividida entre la ahora independiente Albania, el Reino de Yugoslavia e Italia. Tras la Segunda Guerra Mundial, form\u00f3 parte de Albania y de la Rep\u00fablica de Yugoslavia. Tras el colapso de Yugoslavia en 1991, el extremo oriental del Prokletije se asign\u00f3 a Kosovo.<\/p>\n\n\n\n<p>Las fronteras cambiantes sol\u00edan trazarse en capitales lejanas, por encima de los habitantes locales. Esto cortaba a menudo las rutas comerciales y los lazos familiares.<\/p>\n\n\n\n<p>A lo largo de todo el <strong>\u00e9poca comunista<\/strong>, <strong>Prokletije era una zona militar prohibida<\/strong>atravesada por la frontera, fuertemente vigilada, entre el completamente aislado <strong>Albania<\/strong> de <strong>dictador Hoxha<\/strong> y el igualmente paranoico <strong>Yugoslavia<\/strong> de <strong>dictador Tito<\/strong>. Aparte de los pastores locales, no se permit\u00eda la entrada de civiles en la zona. Unos pocos monta\u00f1eros con permisos especiales ten\u00edan el privilegio de entrar en el macizo desde el lado yugoslavo (montenegrino). El alpinismo como privilegio para atletas estrictamente seleccionados no s\u00f3lo era la pr\u00e1ctica habitual aqu\u00ed, sino en todos los pa\u00edses socialistas.<\/p>\n\n\n\n<p>No fue hasta 2005 cuando la situaci\u00f3n se relaj\u00f3 lo suficiente como para que se levantaran las restricciones fronterizas y los primeros monta\u00f1eros de Europa Occidental descubrieran el Prokletije. Las instalaciones tur\u00edsticas se desarrollaron en los valles, mientras que en las monta\u00f1as sigue habiendo pocos signos de presencia humana. Las excepciones son las principales rutas de senderismo, como la <strong>Sendero Peaks of the Balkans<\/strong> y algunos antiguos puestos militares que sirven de refugio temporal a los pastores.<\/p>\n\n\n\n<p><\/p>","protected":false},"excerpt":{"rendered":"<p>200 km de rutas de senderismo, naturaleza virgen, pueblos tradicionales e impresionantes parques nacionales: todo esto se encuentra en los Alpes albaneses (tambi\u00e9n conocidos como Prokletije). D\u00e9jeme llevarle a un viaje alpino por el oeste de la pen\u00ednsula balc\u00e1nica.<\/p>","protected":false},"author":2,"featured_media":5818,"comment_status":"open","ping_status":"closed","sticky":false,"template":"","format":"standard","meta":{"footnotes":""},"categories":[8],"tags":[],"class_list":["post-1923","post","type-post","status-publish","format-standard","has-post-thumbnail","hentry","category-hike"],"acf":[],"_links":{"self":[{"href":"https:\/\/adventurealbania.com\/es\/wp-json\/wp\/v2\/posts\/1923","targetHints":{"allow":["GET"]}}],"collection":[{"href":"https:\/\/adventurealbania.com\/es\/wp-json\/wp\/v2\/posts"}],"about":[{"href":"https:\/\/adventurealbania.com\/es\/wp-json\/wp\/v2\/types\/post"}],"author":[{"embeddable":true,"href":"https:\/\/adventurealbania.com\/es\/wp-json\/wp\/v2\/users\/2"}],"replies":[{"embeddable":true,"href":"https:\/\/adventurealbania.com\/es\/wp-json\/wp\/v2\/comments?post=1923"}],"version-history":[{"count":52,"href":"https:\/\/adventurealbania.com\/es\/wp-json\/wp\/v2\/posts\/1923\/revisions"}],"predecessor-version":[{"id":6782,"href":"https:\/\/adventurealbania.com\/es\/wp-json\/wp\/v2\/posts\/1923\/revisions\/6782"}],"wp:featuredmedia":[{"embeddable":true,"href":"https:\/\/adventurealbania.com\/es\/wp-json\/wp\/v2\/media\/5818"}],"wp:attachment":[{"href":"https:\/\/adventurealbania.com\/es\/wp-json\/wp\/v2\/media?parent=1923"}],"wp:term":[{"taxonomy":"category","embeddable":true,"href":"https:\/\/adventurealbania.com\/es\/wp-json\/wp\/v2\/categories?post=1923"},{"taxonomy":"post_tag","embeddable":true,"href":"https:\/\/adventurealbania.com\/es\/wp-json\/wp\/v2\/tags?post=1923"}],"curies":[{"name":"wp","href":"https:\/\/api.w.org\/{rel}","templated":true}]}}